{"id":1007,"date":"2025-03-06T17:47:20","date_gmt":"2025-03-06T17:47:20","guid":{"rendered":"https:\/\/elsembradorministries.com\/esne\/desde-el-vaticano\/?p=1007"},"modified":"2025-03-06T17:47:20","modified_gmt":"2025-03-06T17:47:20","slug":"el-papa-recibio-las-cenizas-y-llamo-a-gaza","status":"publish","type":"post","link":"https:\/\/elsembradorministries.com\/esne\/desde-el-vaticano\/el-papa-recibio-las-cenizas-y-llamo-a-gaza\/","title":{"rendered":"El Papa: Recibi\u00f3 las Cenizas y llam\u00f3 a Gaza"},"content":{"rendered":"<p>&nbsp;<\/p>\n<h1 style=\"text-align: center\"><b>El Papa: Recibi\u00f3 las Cenizas y llam\u00f3 a Gaza<\/b><\/h1>\n<p style=\"text-align: right\"><span style=\"font-weight: 400\">Secci\u00f3n noticias ESNE\/<\/span><\/p>\n<p><span style=\"font-weight: 400\">El Papa Francisco pas\u00f3 el d\u00eda de ayer en un sill\u00f3n. Dada la complejidad del cuadro cl\u00ednico, el pron\u00f3stico sigue siendo reservado. Adem\u00e1s particip\u00f3 en el rito de bendici\u00f3n de las Santas Cenizas que le impuso el celebrante, y luego recibi\u00f3 la Eucarist\u00eda.<\/span><\/p>\n<p><span style=\"font-weight: 400\">Despu\u00e9s se dedic\u00f3 a algunas actividades de trabajo. Por la ma\u00f1ana, llam\u00f3 al P. Gabriel Romanelli, p\u00e1rroco de la Sagrada Familia de Gaza. Por la tarde, altern\u00f3 descanso y trabajo.<\/span><\/p>\n<p><span style=\"font-weight: 400\">Pas\u00f3 la noche tranquilo y\u00a0 sigue descansando. Tras despertarse, el Papa continu\u00f3 con sus terapias, incluida la fisioterapia motora activa. Como estaba previsto, tras la ventilaci\u00f3n mec\u00e1nica no invasiva durante la noche, por la ma\u00f1ana volvi\u00f3 a la oxigenaci\u00f3n de alto flujo con el uso de c\u00e1nulas nasales.<\/span><\/p>\n<p><span style=\"font-weight: 400\">La pulmon\u00eda del Papa sigue el curso normal de una enfermedad de este tipo bajo tratamiento. El Pont\u00edfice reanud\u00f3 la ventilaci\u00f3n mec\u00e1nica no invasiva durante la noche, tras haber sido sometido a oxigenoterapia de alto flujo durante el d\u00eda. El Papa ha estado cooperando con las terapias y su estado de \u00e1nimo es bueno. Los m\u00e9dicos destacaron la ausencia de crisis en los dos \u00faltimos d\u00edas, sin embargo, ante la complejidad del cuadro cl\u00ednico, mantuvieron el pron\u00f3stico reservado.<\/span><\/p>\n","protected":false},"excerpt":{"rendered":"<p>&nbsp; El Papa: Recibi\u00f3 las Cenizas y llam\u00f3 a Gaza Secci\u00f3n noticias ESNE\/ El Papa Francisco pas\u00f3 el d\u00eda de ayer en un sill\u00f3n. Dada la complejidad del cuadro cl\u00ednico, el pron\u00f3stico sigue siendo reservado. Adem\u00e1s particip\u00f3 en el rito de bendici\u00f3n de las Santas Cenizas que le impuso el celebrante, y luego recibi\u00f3 la [&hellip;]<\/p>\n","protected":false},"author":192,"featured_media":1008,"comment_status":"closed","ping_status":"closed","sticky":false,"template":"","format":"standard","meta":{"ocean_post_layout":"","ocean_both_sidebars_style":"","ocean_both_sidebars_content_width":0,"ocean_both_sidebars_sidebars_width":0,"ocean_sidebar":"","ocean_second_sidebar":"","ocean_disable_margins":"enable","ocean_add_body_class":"","ocean_shortcode_before_top_bar":"","ocean_shortcode_after_top_bar":"","ocean_shortcode_before_header":"","ocean_shortcode_after_header":"","ocean_has_shortcode":"","ocean_shortcode_after_title":"","ocean_shortcode_before_footer_widgets":"","ocean_shortcode_after_footer_widgets":"","ocean_shortcode_before_footer_bottom":"","ocean_shortcode_after_footer_bottom":"","ocean_display_top_bar":"default","ocean_display_header":"default","ocean_header_style":"","ocean_center_header_left_menu":"","ocean_custom_header_template":"","ocean_custom_logo":0,"ocean_custom_retina_logo":0,"ocean_custom_logo_max_width":0,"ocean_custom_logo_tablet_max_width":0,"ocean_custom_logo_mobile_max_width":0,"ocean_custom_logo_max_height":0,"ocean_custom_logo_tablet_max_height":0,"ocean_custom_logo_mobile_max_height":0,"ocean_header_custom_menu":"","ocean_menu_typo_font_family":"","ocean_menu_typo_font_subset":"","ocean_menu_typo_font_size":0,"ocean_menu_typo_font_size_tablet":0,"ocean_menu_typo_font_size_mobile":0,"ocean_menu_typo_font_size_unit":"px","ocean_menu_typo_font_weight":"","ocean_menu_typo_font_weight_tablet":"","ocean_menu_typo_font_weight_mobile":"","ocean_menu_typo_transform":"","ocean_menu_typo_transform_tablet":"","ocean_menu_typo_transform_mobile":"","ocean_menu_typo_line_height":0,"ocean_menu_typo_line_height_tablet":0,"ocean_menu_typo_line_height_mobile":0,"ocean_menu_typo_line_height_unit":"","ocean_menu_typo_spacing":0,"ocean_menu_typo_spacing_tablet":0,"ocean_menu_typo_spacing_mobile":0,"ocean_menu_typo_spacing_unit":"","ocean_menu_link_color":"","ocean_menu_link_color_hover":"","ocean_menu_link_color_active":"","ocean_menu_link_background":"","ocean_menu_link_hover_background":"","ocean_menu_link_active_background":"","ocean_menu_social_links_bg":"","ocean_menu_social_hover_links_bg":"","ocean_menu_social_links_color":"","ocean_menu_social_hover_links_color":"","ocean_disable_title":"default","ocean_disable_heading":"default","ocean_post_title":"","ocean_post_subheading":"","ocean_post_title_style":"","ocean_post_title_background_color":"","ocean_post_title_background":0,"ocean_post_title_bg_image_position":"","ocean_post_title_bg_image_attachment":"","ocean_post_title_bg_image_repeat":"","ocean_post_title_bg_image_size":"","ocean_post_title_height":0,"ocean_post_title_bg_overlay":0.5,"ocean_post_title_bg_overlay_color":"","ocean_disable_breadcrumbs":"default","ocean_breadcrumbs_color":"","ocean_breadcrumbs_separator_color":"","ocean_breadcrumbs_links_color":"","ocean_breadcrumbs_links_hover_color":"","ocean_display_footer_widgets":"default","ocean_display_footer_bottom":"default","ocean_custom_footer_template":"","ocean_post_oembed":"","ocean_post_self_hosted_media":"","ocean_post_video_embed":"","ocean_link_format":"","ocean_link_format_target":"self","ocean_quote_format":"","ocean_quote_format_link":"post","ocean_gallery_link_images":"on","ocean_gallery_id":[],"footnotes":""},"categories":[5],"tags":[],"class_list":["post-1007","post","type-post","status-publish","format-standard","has-post-thumbnail","hentry","category-el-vaticano","entry","has-media"],"publishpress_future_action":{"enabled":false,"date":"2026-05-07 05:20:54","action":"change-status","newStatus":"draft","terms":[],"taxonomy":"category","extraData":[]},"publishpress_future_workflow_manual_trigger":{"enabledWorkflows":[]},"_links":{"self":[{"href":"https:\/\/elsembradorministries.com\/esne\/desde-el-vaticano\/wp-json\/wp\/v2\/posts\/1007","targetHints":{"allow":["GET"]}}],"collection":[{"href":"https:\/\/elsembradorministries.com\/esne\/desde-el-vaticano\/wp-json\/wp\/v2\/posts"}],"about":[{"href":"https:\/\/elsembradorministries.com\/esne\/desde-el-vaticano\/wp-json\/wp\/v2\/types\/post"}],"author":[{"embeddable":true,"href":"https:\/\/elsembradorministries.com\/esne\/desde-el-vaticano\/wp-json\/wp\/v2\/users\/192"}],"replies":[{"embeddable":true,"href":"https:\/\/elsembradorministries.com\/esne\/desde-el-vaticano\/wp-json\/wp\/v2\/comments?post=1007"}],"version-history":[{"count":4,"href":"https:\/\/elsembradorministries.com\/esne\/desde-el-vaticano\/wp-json\/wp\/v2\/posts\/1007\/revisions"}],"predecessor-version":[{"id":1012,"href":"https:\/\/elsembradorministries.com\/esne\/desde-el-vaticano\/wp-json\/wp\/v2\/posts\/1007\/revisions\/1012"}],"wp:featuredmedia":[{"embeddable":true,"href":"https:\/\/elsembradorministries.com\/esne\/desde-el-vaticano\/wp-json\/wp\/v2\/media\/1008"}],"wp:attachment":[{"href":"https:\/\/elsembradorministries.com\/esne\/desde-el-vaticano\/wp-json\/wp\/v2\/media?parent=1007"}],"wp:term":[{"taxonomy":"category","embeddable":true,"href":"https:\/\/elsembradorministries.com\/esne\/desde-el-vaticano\/wp-json\/wp\/v2\/categories?post=1007"},{"taxonomy":"post_tag","embeddable":true,"href":"https:\/\/elsembradorministries.com\/esne\/desde-el-vaticano\/wp-json\/wp\/v2\/tags?post=1007"}],"curies":[{"name":"wp","href":"https:\/\/api.w.org\/{rel}","templated":true}]}}