{"id":1022,"date":"2025-03-21T17:03:02","date_gmt":"2025-03-21T17:03:02","guid":{"rendered":"https:\/\/elsembradorministries.com\/esne\/desde-el-vaticano\/?p=1022"},"modified":"2025-03-21T17:03:02","modified_gmt":"2025-03-21T17:03:02","slug":"aumento-del-numero-de-catolicos-en-el-mundo-1-406-millones","status":"publish","type":"post","link":"https:\/\/elsembradorministries.com\/esne\/desde-el-vaticano\/aumento-del-numero-de-catolicos-en-el-mundo-1-406-millones\/","title":{"rendered":"Aumento del n\u00famero de cat\u00f3licos en el mundo: 1.406 millones"},"content":{"rendered":"<h1 style=\"text-align: center\"><b>Aumento del n\u00famero de cat\u00f3licos en el mundo: 1.406 millones<\/b><\/h1>\n<p style=\"text-align: right\"><span style=\"font-weight: 400\">Secci\u00f3n noticias ESNE\/<\/span><\/p>\n<p><span style=\"font-weight: 400\">Examinando los datos del Anuario Pontificio, se puede obtener informaci\u00f3n sobre la vida de la Iglesia cat\u00f3lica en el mundo para el a\u00f1o 2024. Durante este per\u00edodo, se cre\u00f3 una Metr\u00f3polis; tres sedes episcopales fueron elevadas a sedes metropolitanas; se erigieron siete nuevas di\u00f3cesis; una sede episcopal fue elevada a archidi\u00f3cesis y una administraci\u00f3n apost\u00f3lica a di\u00f3cesis.<\/span><\/p>\n<p><span style=\"font-weight: 400\">Con un crecimiento del 0,9% en el bienio, Am\u00e9rica se consolida como el continente al que pertenece el 47,8% de los cat\u00f3licos del mundo. De ellos, el 27,4% reside en Sudam\u00e9rica (donde Brasil, con 182 millones, representa el 13% del total mundial y sigue siendo el pa\u00eds con mayor n\u00famero de cat\u00f3licos), el 6,6% en Norteam\u00e9rica y el 13,8% restante en Centroam\u00e9rica. Si se relaciona el n\u00famero de cat\u00f3licos con el tama\u00f1o de la poblaci\u00f3n, destacan Argentina, Colombia y Paraguay, con m\u00e1s del 90% de la poblaci\u00f3n. El continente asi\u00e1tico registra un crecimiento de cat\u00f3licos del 0,6% en el bienio, su peso en 2023 se sit\u00faa en torno al 11% en el mundo cat\u00f3lico.<\/span><\/p>\n<p><b>El n\u00famero de obispos ha aumentado en dos a\u00f1os<\/b><\/p>\n<p><span style=\"font-weight: 400\">El n\u00famero de obispos en el mundo cat\u00f3lico ha aumentado en los dos \u00faltimos a\u00f1os con una variaci\u00f3n global del 1,4%, pasando de 5.353 en 2022 a 5.430 en 2023. Este movimiento de crecimiento se da en todos los continentes, a excepci\u00f3n de Ocean\u00eda, donde el n\u00famero de obispos no ha variado en el bienio.<\/span><\/p>\n<p><span style=\"font-weight: 400\">La reducci\u00f3n de las religiosas profesas ha continuado en 2023. Globalmente, pasan de 599.228 en 2022 a 589.423 en 2023, una variaci\u00f3n relativa del -1,6%. En cuanto a su distribuci\u00f3n geogr\u00e1fica, en 2023, casi el 32% residen en Europa, seguida de Asia con el 30%, Am\u00e9rica con el 23% (repartidos por igual en los dos hemisferios), \u00c1frica con el 14% y Ocean\u00eda con el 1%.<\/span><\/p>\n<p><span style=\"font-weight: 400\">La tendencia temporal observada en el mundo en el n\u00famero de seminaristas mayores denota un descenso ininterrumpido desde 2012. El n\u00famero de candidatos al sacerdocio ha pasado de 108.481 en 2022 a 106.495 en 2023, lo que supone una variaci\u00f3n del -1,8%.<\/span><\/p>\n<p><span style=\"font-weight: 400\">Examinando los datos del Anuario Pontificio, se puede obtener informaci\u00f3n sobre la vida de la Iglesia cat\u00f3lica en el mundo para el a\u00f1o 2024.<\/span><\/p>\n","protected":false},"excerpt":{"rendered":"<p>Aumento del n\u00famero de cat\u00f3licos en el mundo: 1.406 millones Secci\u00f3n noticias ESNE\/ Examinando los datos del Anuario Pontificio, se puede obtener informaci\u00f3n sobre la vida de la Iglesia cat\u00f3lica en el mundo para el a\u00f1o 2024. Durante este per\u00edodo, se cre\u00f3 una Metr\u00f3polis; tres sedes episcopales fueron elevadas a sedes metropolitanas; se erigieron siete [&hellip;]<\/p>\n","protected":false},"author":192,"featured_media":1023,"comment_status":"closed","ping_status":"closed","sticky":false,"template":"","format":"standard","meta":{"ocean_post_layout":"","ocean_both_sidebars_style":"","ocean_both_sidebars_content_width":0,"ocean_both_sidebars_sidebars_width":0,"ocean_sidebar":"","ocean_second_sidebar":"","ocean_disable_margins":"enable","ocean_add_body_class":"","ocean_shortcode_before_top_bar":"","ocean_shortcode_after_top_bar":"","ocean_shortcode_before_header":"","ocean_shortcode_after_header":"","ocean_has_shortcode":"","ocean_shortcode_after_title":"","ocean_shortcode_before_footer_widgets":"","ocean_shortcode_after_footer_widgets":"","ocean_shortcode_before_footer_bottom":"","ocean_shortcode_after_footer_bottom":"","ocean_display_top_bar":"default","ocean_display_header":"default","ocean_header_style":"","ocean_center_header_left_menu":"","ocean_custom_header_template":"","ocean_custom_logo":0,"ocean_custom_retina_logo":0,"ocean_custom_logo_max_width":0,"ocean_custom_logo_tablet_max_width":0,"ocean_custom_logo_mobile_max_width":0,"ocean_custom_logo_max_height":0,"ocean_custom_logo_tablet_max_height":0,"ocean_custom_logo_mobile_max_height":0,"ocean_header_custom_menu":"","ocean_menu_typo_font_family":"","ocean_menu_typo_font_subset":"","ocean_menu_typo_font_size":0,"ocean_menu_typo_font_size_tablet":0,"ocean_menu_typo_font_size_mobile":0,"ocean_menu_typo_font_size_unit":"px","ocean_menu_typo_font_weight":"","ocean_menu_typo_font_weight_tablet":"","ocean_menu_typo_font_weight_mobile":"","ocean_menu_typo_transform":"","ocean_menu_typo_transform_tablet":"","ocean_menu_typo_transform_mobile":"","ocean_menu_typo_line_height":0,"ocean_menu_typo_line_height_tablet":0,"ocean_menu_typo_line_height_mobile":0,"ocean_menu_typo_line_height_unit":"","ocean_menu_typo_spacing":0,"ocean_menu_typo_spacing_tablet":0,"ocean_menu_typo_spacing_mobile":0,"ocean_menu_typo_spacing_unit":"","ocean_menu_link_color":"","ocean_menu_link_color_hover":"","ocean_menu_link_color_active":"","ocean_menu_link_background":"","ocean_menu_link_hover_background":"","ocean_menu_link_active_background":"","ocean_menu_social_links_bg":"","ocean_menu_social_hover_links_bg":"","ocean_menu_social_links_color":"","ocean_menu_social_hover_links_color":"","ocean_disable_title":"default","ocean_disable_heading":"default","ocean_post_title":"","ocean_post_subheading":"","ocean_post_title_style":"","ocean_post_title_background_color":"","ocean_post_title_background":0,"ocean_post_title_bg_image_position":"","ocean_post_title_bg_image_attachment":"","ocean_post_title_bg_image_repeat":"","ocean_post_title_bg_image_size":"","ocean_post_title_height":0,"ocean_post_title_bg_overlay":0.5,"ocean_post_title_bg_overlay_color":"","ocean_disable_breadcrumbs":"default","ocean_breadcrumbs_color":"","ocean_breadcrumbs_separator_color":"","ocean_breadcrumbs_links_color":"","ocean_breadcrumbs_links_hover_color":"","ocean_display_footer_widgets":"default","ocean_display_footer_bottom":"default","ocean_custom_footer_template":"","ocean_post_oembed":"","ocean_post_self_hosted_media":"","ocean_post_video_embed":"","ocean_link_format":"","ocean_link_format_target":"self","ocean_quote_format":"","ocean_quote_format_link":"post","ocean_gallery_link_images":"on","ocean_gallery_id":[],"footnotes":""},"categories":[5],"tags":[],"class_list":["post-1022","post","type-post","status-publish","format-standard","has-post-thumbnail","hentry","category-el-vaticano","entry","has-media"],"publishpress_future_action":{"enabled":false,"date":"2026-05-08 02:53:29","action":"change-status","newStatus":"draft","terms":[],"taxonomy":"category","extraData":[]},"publishpress_future_workflow_manual_trigger":{"enabledWorkflows":[]},"_links":{"self":[{"href":"https:\/\/elsembradorministries.com\/esne\/desde-el-vaticano\/wp-json\/wp\/v2\/posts\/1022","targetHints":{"allow":["GET"]}}],"collection":[{"href":"https:\/\/elsembradorministries.com\/esne\/desde-el-vaticano\/wp-json\/wp\/v2\/posts"}],"about":[{"href":"https:\/\/elsembradorministries.com\/esne\/desde-el-vaticano\/wp-json\/wp\/v2\/types\/post"}],"author":[{"embeddable":true,"href":"https:\/\/elsembradorministries.com\/esne\/desde-el-vaticano\/wp-json\/wp\/v2\/users\/192"}],"replies":[{"embeddable":true,"href":"https:\/\/elsembradorministries.com\/esne\/desde-el-vaticano\/wp-json\/wp\/v2\/comments?post=1022"}],"version-history":[{"count":2,"href":"https:\/\/elsembradorministries.com\/esne\/desde-el-vaticano\/wp-json\/wp\/v2\/posts\/1022\/revisions"}],"predecessor-version":[{"id":1025,"href":"https:\/\/elsembradorministries.com\/esne\/desde-el-vaticano\/wp-json\/wp\/v2\/posts\/1022\/revisions\/1025"}],"wp:featuredmedia":[{"embeddable":true,"href":"https:\/\/elsembradorministries.com\/esne\/desde-el-vaticano\/wp-json\/wp\/v2\/media\/1023"}],"wp:attachment":[{"href":"https:\/\/elsembradorministries.com\/esne\/desde-el-vaticano\/wp-json\/wp\/v2\/media?parent=1022"}],"wp:term":[{"taxonomy":"category","embeddable":true,"href":"https:\/\/elsembradorministries.com\/esne\/desde-el-vaticano\/wp-json\/wp\/v2\/categories?post=1022"},{"taxonomy":"post_tag","embeddable":true,"href":"https:\/\/elsembradorministries.com\/esne\/desde-el-vaticano\/wp-json\/wp\/v2\/tags?post=1022"}],"curies":[{"name":"wp","href":"https:\/\/api.w.org\/{rel}","templated":true}]}}