{"id":1030,"date":"2025-04-03T18:53:21","date_gmt":"2025-04-03T18:53:21","guid":{"rendered":"https:\/\/elsembradorministries.com\/esne\/desde-el-vaticano\/?p=1030"},"modified":"2025-04-03T18:53:21","modified_gmt":"2025-04-03T18:53:21","slug":"mas-de-3-000-victimas-del-terremoto-en-myanmar-y-un-llamamiento-de-tregua-a-la-guerra","status":"publish","type":"post","link":"https:\/\/elsembradorministries.com\/esne\/desde-el-vaticano\/mas-de-3-000-victimas-del-terremoto-en-myanmar-y-un-llamamiento-de-tregua-a-la-guerra\/","title":{"rendered":"M\u00e1s de 3.000 v\u00edctimas del terremoto en Myanmar y un llamamiento de tregua a la guerra"},"content":{"rendered":"<p style=\"text-align: justify;\"><span style=\"font-weight: 400;\">La cifra de muertos por el terremoto de Myanmar sigue aumentando mientras la gente sigue excavando entre los escombros del se\u00edsmo de 7,7 grados que sacudi\u00f3 el pa\u00eds del sudeste asi\u00e1tico, junto con Tailandia, el pasado viernes.<\/span><\/p>\n<p style=\"text-align: right;\"><span style=\"font-weight: 400;\">Secci\u00f3n noticias ESNE\/<\/span><\/p>\n<p>&nbsp;<\/p>\n<p style=\"text-align: justify;\"><span style=\"font-weight: 400;\">La junta militar, en el poder en Naypyidaw desde 2021 en un golpe de Estado, ha confirmado hasta ahora 3.085 muertos, 4.715 heridos y m\u00e1s de 300 desaparecidos, al tiempo que ha anunciado un alto el fuego temporal en la guerra que enfrenta desde hace a\u00f1os al ej\u00e9rcito y a las milicias \u00e9tnicas.<\/span><\/p>\n<p style=\"text-align: justify;\"><span style=\"font-weight: 400;\">La pausa en las operaciones b\u00e9licas, hasta el 22 de abril, se respetar\u00e1, seg\u00fan los militares, para acelerar las tareas de socorro y reconstrucci\u00f3n, a pesar de que en las \u00faltimas horas la junta dirigida por Min Aung Hlaing hab\u00eda rechazado el cese de los combates. El Ej\u00e9rcito de Liberaci\u00f3n Nacional Ta&#8217;ang (Tnla), hab\u00eda denunciado tambi\u00e9n ayer que los militares hab\u00edan abierto fuego contra un convoy de ayuda humanitaria de la Cruz Roja china destinado a la ciudad de Mandalay.<\/span><\/p>\n<p style=\"text-align: justify;\"><span style=\"font-weight: 400;\">Hasta el momento, la mitad de la ayuda que se ha enviado se distribuy\u00f3 a una parroquia de la di\u00f3cesis local y la otra mitad a un hospital de Mandalay &#8216;que se ha derrumbado casi por completo&#8217;. En el centro, informa, \u00abnecesitaban medicinas, como calmantes, porque obviamente la gente con traumas \u00f3seos o algo similar sufre mucho dolor\u00bb, afirma Livio Maggi, director de la ONG \u00abNew Humanity International Foundation\u00bb.<\/span><\/p>\n<p style=\"text-align: justify;\"><span style=\"font-weight: 400;\">Tambi\u00e9n persiste el riesgo de enfermedades como el c\u00f3lera, \u00abcon una situaci\u00f3n tan dram\u00e1tica de falta de agua e higiene, donde todo se ha derrumbado. En Mandalay, la gente duerme en la calle, est\u00e1 conmocionada, tiene miedo, todav\u00eda hay ondas del terremoto, r\u00e9plicas. La gente tiene una gran capacidad de reacci\u00f3n, pero hace falta agua, comida, cobijo, incluso un simple toldo, porque el sol est\u00e1 pegando fuerte &#8211; hace casi 40\u00ba -, as\u00ed como ventiladores que funcionen con energ\u00eda solar. Luego, ya dentro de un mes probablemente, empezar\u00e1n las lluvias monz\u00f3nicas\u00bb.<\/span><\/p>\n<p style=\"text-align: justify;\"><span style=\"font-weight: 400;\">\u00abIntentamos tener un personal mixto&#8221;: por ejemplo, hay budistas, como el m\u00e9dico que trabaja en Mandalay, pero tambi\u00e9n cat\u00f3licos, baptistas, musulmanes e hind\u00faes, porque \u201cla religi\u00f3n no puede ni debe convertirse en una oportunidad para la divisi\u00f3n\u201d.<\/span><\/p>\n","protected":false},"excerpt":{"rendered":"<p>La cifra de muertos por el terremoto de Myanmar sigue aumentando mientras la gente sigue excavando entre los escombros del se\u00edsmo de 7,7 grados que sacudi\u00f3 el pa\u00eds del sudeste asi\u00e1tico, junto con Tailandia, el pasado viernes. Secci\u00f3n noticias ESNE\/ &nbsp; La junta militar, en el poder en Naypyidaw desde 2021 en un golpe de [&hellip;]<\/p>\n","protected":false},"author":1,"featured_media":1032,"comment_status":"closed","ping_status":"closed","sticky":false,"template":"","format":"standard","meta":{"ocean_post_layout":"","ocean_both_sidebars_style":"","ocean_both_sidebars_content_width":0,"ocean_both_sidebars_sidebars_width":0,"ocean_sidebar":"0","ocean_second_sidebar":"0","ocean_disable_margins":"enable","ocean_add_body_class":"","ocean_shortcode_before_top_bar":"","ocean_shortcode_after_top_bar":"","ocean_shortcode_before_header":"","ocean_shortcode_after_header":"","ocean_has_shortcode":"","ocean_shortcode_after_title":"","ocean_shortcode_before_footer_widgets":"","ocean_shortcode_after_footer_widgets":"","ocean_shortcode_before_footer_bottom":"","ocean_shortcode_after_footer_bottom":"","ocean_display_top_bar":"default","ocean_display_header":"default","ocean_header_style":"","ocean_center_header_left_menu":"0","ocean_custom_header_template":"0","ocean_custom_logo":0,"ocean_custom_retina_logo":0,"ocean_custom_logo_max_width":0,"ocean_custom_logo_tablet_max_width":0,"ocean_custom_logo_mobile_max_width":0,"ocean_custom_logo_max_height":0,"ocean_custom_logo_tablet_max_height":0,"ocean_custom_logo_mobile_max_height":0,"ocean_header_custom_menu":"0","ocean_menu_typo_font_family":"0","ocean_menu_typo_font_subset":"","ocean_menu_typo_font_size":0,"ocean_menu_typo_font_size_tablet":0,"ocean_menu_typo_font_size_mobile":0,"ocean_menu_typo_font_size_unit":"px","ocean_menu_typo_font_weight":"","ocean_menu_typo_font_weight_tablet":"","ocean_menu_typo_font_weight_mobile":"","ocean_menu_typo_transform":"","ocean_menu_typo_transform_tablet":"","ocean_menu_typo_transform_mobile":"","ocean_menu_typo_line_height":0,"ocean_menu_typo_line_height_tablet":0,"ocean_menu_typo_line_height_mobile":0,"ocean_menu_typo_line_height_unit":"","ocean_menu_typo_spacing":0,"ocean_menu_typo_spacing_tablet":0,"ocean_menu_typo_spacing_mobile":0,"ocean_menu_typo_spacing_unit":"","ocean_menu_link_color":"","ocean_menu_link_color_hover":"","ocean_menu_link_color_active":"","ocean_menu_link_background":"","ocean_menu_link_hover_background":"","ocean_menu_link_active_background":"","ocean_menu_social_links_bg":"","ocean_menu_social_hover_links_bg":"","ocean_menu_social_links_color":"","ocean_menu_social_hover_links_color":"","ocean_disable_title":"default","ocean_disable_heading":"default","ocean_post_title":"","ocean_post_subheading":"","ocean_post_title_style":"","ocean_post_title_background_color":"","ocean_post_title_background":0,"ocean_post_title_bg_image_position":"","ocean_post_title_bg_image_attachment":"","ocean_post_title_bg_image_repeat":"","ocean_post_title_bg_image_size":"","ocean_post_title_height":0,"ocean_post_title_bg_overlay":0.5,"ocean_post_title_bg_overlay_color":"","ocean_disable_breadcrumbs":"default","ocean_breadcrumbs_color":"","ocean_breadcrumbs_separator_color":"","ocean_breadcrumbs_links_color":"","ocean_breadcrumbs_links_hover_color":"","ocean_display_footer_widgets":"default","ocean_display_footer_bottom":"default","ocean_custom_footer_template":"0","ocean_post_oembed":"","ocean_post_self_hosted_media":"","ocean_post_video_embed":"","ocean_link_format":"","ocean_link_format_target":"self","ocean_quote_format":"","ocean_quote_format_link":"post","ocean_gallery_link_images":"on","ocean_gallery_id":[],"footnotes":""},"categories":[56],"tags":[],"class_list":["post-1030","post","type-post","status-publish","format-standard","has-post-thumbnail","hentry","category-otra","entry","has-media"],"publishpress_future_action":{"enabled":false,"date":"2026-05-08 11:35:16","action":"change-status","newStatus":"draft","terms":[],"taxonomy":"category","extraData":[]},"publishpress_future_workflow_manual_trigger":{"enabledWorkflows":[]},"_links":{"self":[{"href":"https:\/\/elsembradorministries.com\/esne\/desde-el-vaticano\/wp-json\/wp\/v2\/posts\/1030","targetHints":{"allow":["GET"]}}],"collection":[{"href":"https:\/\/elsembradorministries.com\/esne\/desde-el-vaticano\/wp-json\/wp\/v2\/posts"}],"about":[{"href":"https:\/\/elsembradorministries.com\/esne\/desde-el-vaticano\/wp-json\/wp\/v2\/types\/post"}],"author":[{"embeddable":true,"href":"https:\/\/elsembradorministries.com\/esne\/desde-el-vaticano\/wp-json\/wp\/v2\/users\/1"}],"replies":[{"embeddable":true,"href":"https:\/\/elsembradorministries.com\/esne\/desde-el-vaticano\/wp-json\/wp\/v2\/comments?post=1030"}],"version-history":[{"count":1,"href":"https:\/\/elsembradorministries.com\/esne\/desde-el-vaticano\/wp-json\/wp\/v2\/posts\/1030\/revisions"}],"predecessor-version":[{"id":1031,"href":"https:\/\/elsembradorministries.com\/esne\/desde-el-vaticano\/wp-json\/wp\/v2\/posts\/1030\/revisions\/1031"}],"wp:featuredmedia":[{"embeddable":true,"href":"https:\/\/elsembradorministries.com\/esne\/desde-el-vaticano\/wp-json\/wp\/v2\/media\/1032"}],"wp:attachment":[{"href":"https:\/\/elsembradorministries.com\/esne\/desde-el-vaticano\/wp-json\/wp\/v2\/media?parent=1030"}],"wp:term":[{"taxonomy":"category","embeddable":true,"href":"https:\/\/elsembradorministries.com\/esne\/desde-el-vaticano\/wp-json\/wp\/v2\/categories?post=1030"},{"taxonomy":"post_tag","embeddable":true,"href":"https:\/\/elsembradorministries.com\/esne\/desde-el-vaticano\/wp-json\/wp\/v2\/tags?post=1030"}],"curies":[{"name":"wp","href":"https:\/\/api.w.org\/{rel}","templated":true}]}}