{"id":1094,"date":"2025-04-25T16:11:59","date_gmt":"2025-04-25T16:11:59","guid":{"rendered":"https:\/\/elsembradorministries.com\/esne\/desde-el-vaticano\/?p=1094"},"modified":"2025-04-25T16:11:59","modified_gmt":"2025-04-25T16:11:59","slug":"asi-se-desarrollaran-los-novendiales-en-sufragio-por-el-papa-francisco","status":"publish","type":"post","link":"https:\/\/elsembradorministries.com\/esne\/desde-el-vaticano\/asi-se-desarrollaran-los-novendiales-en-sufragio-por-el-papa-francisco\/","title":{"rendered":"As\u00ed se desarrollar\u00e1n los novendiales en sufragio por el Papa Francisco"},"content":{"rendered":"<p><span style=\"font-weight: 400;\">La Oficina de Celebraciones Lit\u00fargicas Pontificias ha anunciado que, &#8220;seg\u00fan una antigua costumbre, durante nueve d\u00edas consecutivos se celebran celebraciones especiales de la Eucarist\u00eda en sufragio del Romano Pont\u00edfice fallecido, comenzando por la Misa Exequial&#8221;.<\/span><\/p>\n<p><span style=\"font-weight: 400;\">Estas celebraciones est\u00e1n abiertas a todos. Prev\u00e9n, sin embargo, la participaci\u00f3n de un grupo diferente cada d\u00eda, teniendo en cuenta sus v\u00ednculos con el Romano Pont\u00edfice.<\/span><\/p>\n<p><span style=\"font-weight: 400;\">La Misa exequial por el Romano Pont\u00edfice Francisco, en el primer d\u00eda de los Novendiales, tendr\u00e1 lugar el 26 de abril de 2025 a las 10 horas en la explanada de la Bas\u00edlica de San Pedro.<\/span><\/p>\n<p><b>D\u00eda 2:<\/b><span style=\"font-weight: 400;\"> domingo 27 de abril, a las 10.30 horas, en el parvis de la bas\u00edlica vaticana.<\/span><\/p>\n<p><span style=\"font-weight: 400;\">La concelebraci\u00f3n estar\u00e1 presidida por Su Eminencia el Cardenal Pietro Parolin, ex Secretario de Estado.<\/span><\/p>\n<p><b>D\u00eda 3:<\/b><span style=\"font-weight: 400;\"> Lunes 28 de abril, a las 17.00 horas, en la bas\u00edlica vaticana.<\/span><\/p>\n<p><span style=\"font-weight: 400;\">La concelebraci\u00f3n estar\u00e1 presidida por Su Eminencia el Cardenal Baldassare Reina, Vicario General de Su Santidad para la Di\u00f3cesis de Roma.<\/span><\/p>\n<p><b>D\u00eda 4:<\/b><span style=\"font-weight: 400;\"> Martes 29 de abril, 17.00 h, en la Bas\u00edlica Vaticana: los Cap\u00edtulos de las Bas\u00edlicas Pontificias.<\/span><\/p>\n<p><span style=\"font-weight: 400;\">La concelebraci\u00f3n estar\u00e1 presidida por Su Eminencia el Cardenal Mauro Gambetti, Arcipreste de la Bas\u00edlica Papal de San Pedro del Vaticano.<\/span><\/p>\n<p><b>D\u00eda 5:<\/b><span style=\"font-weight: 400;\"> Mi\u00e9rcoles 30 de abril, a las 17.00 horas, en la Bas\u00edlica Vaticana: Capilla Papal.<\/span><\/p>\n<p><span style=\"font-weight: 400;\">La concelebraci\u00f3n estar\u00e1 presidida por Su Eminencia el Cardenal Leonardo Sandri, Vicedecano del Colegio Cardenalicio.<\/span><\/p>\n<p><b>D\u00eda 6:<\/b><span style=\"font-weight: 400;\"> Jueves 1 de mayo, a las 17.00 horas, en la bas\u00edlica vaticana: Curia romana.<\/span><\/p>\n<p><span style=\"font-weight: 400;\">La concelebraci\u00f3n estar\u00e1 presidida por Su Eminencia el Cardenal Kevin Joseph Farrell, Camarlengo de la Santa Iglesia Romana.<\/span><\/p>\n<p><b>D\u00eda 7:<\/b><span style=\"font-weight: 400;\"> Viernes 2 de mayo, 17.00 horas, en la Bas\u00edlica Vaticana: las Iglesias Orientales.<\/span><\/p>\n<p><span style=\"font-weight: 400;\">La concelebraci\u00f3n ser\u00e1 presidida por Su Eminencia el Cardenal Claudio Gugerotti, ex Prefecto del Dicasterio para las Iglesias Orientales.<\/span><\/p>\n<p><b>D\u00eda 8:<\/b><span style=\"font-weight: 400;\"> s\u00e1bado 3 de mayo, 17.00 horas, en la bas\u00edlica vaticana: miembros de los Institutos de vida consagrada y de las Sociedades de vida apost\u00f3lica.<\/span><\/p>\n<p><span style=\"font-weight: 400;\">Presidir\u00e1 la concelebraci\u00f3n Su Eminencia el Cardenal \u00c1ngel Fern\u00e1ndez Artime, ex Pro-Prefecto del Dicasterio para los Institutos de Vida Consagrada y las Sociedades de Vida Apost\u00f3lica.<\/span><b>D\u00eda 9:<\/b><span style=\"font-weight: 400;\"> Domingo 4 de mayo, 17.00 h, en la Bas\u00edlica Vaticana: Capilla Papal. La concelebraci\u00f3n ser\u00e1 presidida por Su Eminencia el Cardenal Dominique Mamberti, Protodi\u00e1cono del Colegio Cardenalicio.<\/span><\/p>\n","protected":false},"excerpt":{"rendered":"<p>La Oficina de Celebraciones Lit\u00fargicas Pontificias ha anunciado que, &#8220;seg\u00fan una antigua costumbre, durante nueve d\u00edas consecutivos se celebran celebraciones especiales de la Eucarist\u00eda en sufragio del Romano Pont\u00edfice fallecido, comenzando por la Misa Exequial&#8221;. Estas celebraciones est\u00e1n abiertas a todos. Prev\u00e9n, sin embargo, la participaci\u00f3n de un grupo diferente cada d\u00eda, teniendo en cuenta [&hellip;]<\/p>\n","protected":false},"author":1,"featured_media":1095,"comment_status":"closed","ping_status":"closed","sticky":false,"template":"","format":"standard","meta":{"ocean_post_layout":"","ocean_both_sidebars_style":"","ocean_both_sidebars_content_width":0,"ocean_both_sidebars_sidebars_width":0,"ocean_sidebar":"0","ocean_second_sidebar":"0","ocean_disable_margins":"enable","ocean_add_body_class":"","ocean_shortcode_before_top_bar":"","ocean_shortcode_after_top_bar":"","ocean_shortcode_before_header":"","ocean_shortcode_after_header":"","ocean_has_shortcode":"","ocean_shortcode_after_title":"","ocean_shortcode_before_footer_widgets":"","ocean_shortcode_after_footer_widgets":"","ocean_shortcode_before_footer_bottom":"","ocean_shortcode_after_footer_bottom":"","ocean_display_top_bar":"default","ocean_display_header":"default","ocean_header_style":"","ocean_center_header_left_menu":"0","ocean_custom_header_template":"0","ocean_custom_logo":0,"ocean_custom_retina_logo":0,"ocean_custom_logo_max_width":0,"ocean_custom_logo_tablet_max_width":0,"ocean_custom_logo_mobile_max_width":0,"ocean_custom_logo_max_height":0,"ocean_custom_logo_tablet_max_height":0,"ocean_custom_logo_mobile_max_height":0,"ocean_header_custom_menu":"0","ocean_menu_typo_font_family":"0","ocean_menu_typo_font_subset":"","ocean_menu_typo_font_size":0,"ocean_menu_typo_font_size_tablet":0,"ocean_menu_typo_font_size_mobile":0,"ocean_menu_typo_font_size_unit":"px","ocean_menu_typo_font_weight":"","ocean_menu_typo_font_weight_tablet":"","ocean_menu_typo_font_weight_mobile":"","ocean_menu_typo_transform":"","ocean_menu_typo_transform_tablet":"","ocean_menu_typo_transform_mobile":"","ocean_menu_typo_line_height":0,"ocean_menu_typo_line_height_tablet":0,"ocean_menu_typo_line_height_mobile":0,"ocean_menu_typo_line_height_unit":"","ocean_menu_typo_spacing":0,"ocean_menu_typo_spacing_tablet":0,"ocean_menu_typo_spacing_mobile":0,"ocean_menu_typo_spacing_unit":"","ocean_menu_link_color":"","ocean_menu_link_color_hover":"","ocean_menu_link_color_active":"","ocean_menu_link_background":"","ocean_menu_link_hover_background":"","ocean_menu_link_active_background":"","ocean_menu_social_links_bg":"","ocean_menu_social_hover_links_bg":"","ocean_menu_social_links_color":"","ocean_menu_social_hover_links_color":"","ocean_disable_title":"default","ocean_disable_heading":"default","ocean_post_title":"","ocean_post_subheading":"","ocean_post_title_style":"","ocean_post_title_background_color":"","ocean_post_title_background":0,"ocean_post_title_bg_image_position":"","ocean_post_title_bg_image_attachment":"","ocean_post_title_bg_image_repeat":"","ocean_post_title_bg_image_size":"","ocean_post_title_height":0,"ocean_post_title_bg_overlay":0.5,"ocean_post_title_bg_overlay_color":"","ocean_disable_breadcrumbs":"default","ocean_breadcrumbs_color":"","ocean_breadcrumbs_separator_color":"","ocean_breadcrumbs_links_color":"","ocean_breadcrumbs_links_hover_color":"","ocean_display_footer_widgets":"default","ocean_display_footer_bottom":"default","ocean_custom_footer_template":"0","ocean_post_oembed":"","ocean_post_self_hosted_media":"","ocean_post_video_embed":"","ocean_link_format":"","ocean_link_format_target":"self","ocean_quote_format":"","ocean_quote_format_link":"post","ocean_gallery_link_images":"on","ocean_gallery_id":[],"footnotes":""},"categories":[5],"tags":[],"class_list":["post-1094","post","type-post","status-publish","format-standard","has-post-thumbnail","hentry","category-el-vaticano","entry","has-media"],"publishpress_future_action":{"enabled":false,"date":"2026-05-08 08:57:51","action":"change-status","newStatus":"draft","terms":[],"taxonomy":"category","extraData":[]},"publishpress_future_workflow_manual_trigger":{"enabledWorkflows":[]},"_links":{"self":[{"href":"https:\/\/elsembradorministries.com\/esne\/desde-el-vaticano\/wp-json\/wp\/v2\/posts\/1094","targetHints":{"allow":["GET"]}}],"collection":[{"href":"https:\/\/elsembradorministries.com\/esne\/desde-el-vaticano\/wp-json\/wp\/v2\/posts"}],"about":[{"href":"https:\/\/elsembradorministries.com\/esne\/desde-el-vaticano\/wp-json\/wp\/v2\/types\/post"}],"author":[{"embeddable":true,"href":"https:\/\/elsembradorministries.com\/esne\/desde-el-vaticano\/wp-json\/wp\/v2\/users\/1"}],"replies":[{"embeddable":true,"href":"https:\/\/elsembradorministries.com\/esne\/desde-el-vaticano\/wp-json\/wp\/v2\/comments?post=1094"}],"version-history":[{"count":1,"href":"https:\/\/elsembradorministries.com\/esne\/desde-el-vaticano\/wp-json\/wp\/v2\/posts\/1094\/revisions"}],"predecessor-version":[{"id":1096,"href":"https:\/\/elsembradorministries.com\/esne\/desde-el-vaticano\/wp-json\/wp\/v2\/posts\/1094\/revisions\/1096"}],"wp:featuredmedia":[{"embeddable":true,"href":"https:\/\/elsembradorministries.com\/esne\/desde-el-vaticano\/wp-json\/wp\/v2\/media\/1095"}],"wp:attachment":[{"href":"https:\/\/elsembradorministries.com\/esne\/desde-el-vaticano\/wp-json\/wp\/v2\/media?parent=1094"}],"wp:term":[{"taxonomy":"category","embeddable":true,"href":"https:\/\/elsembradorministries.com\/esne\/desde-el-vaticano\/wp-json\/wp\/v2\/categories?post=1094"},{"taxonomy":"post_tag","embeddable":true,"href":"https:\/\/elsembradorministries.com\/esne\/desde-el-vaticano\/wp-json\/wp\/v2\/tags?post=1094"}],"curies":[{"name":"wp","href":"https:\/\/api.w.org\/{rel}","templated":true}]}}