{"id":1097,"date":"2025-04-26T08:59:33","date_gmt":"2025-04-26T08:59:33","guid":{"rendered":"https:\/\/elsembradorministries.com\/esne\/desde-el-vaticano\/?p=1097"},"modified":"2025-04-28T17:17:44","modified_gmt":"2025-04-28T17:17:44","slug":"adios-querido-papa-francisco-un-papa-con-el-corazon-abierto-a-todos","status":"publish","type":"post","link":"https:\/\/elsembradorministries.com\/esne\/desde-el-vaticano\/adios-querido-papa-francisco-un-papa-con-el-corazon-abierto-a-todos\/","title":{"rendered":"Adi\u00f3s querido Papa Francisco \u201cUn Papa con el coraz\u00f3n abierto a todos\u201d"},"content":{"rendered":"<p>&nbsp;<\/p>\n<p><span style=\"font-weight: 400\">En una Plaza de San Pedro colmada de fieles, l\u00edderes mundiales y representantes de diversas religiones, la Iglesia despidi\u00f3 este s\u00e1bado al Papa Francisco. Sucesor de Pedro durante doce a\u00f1os, el Papa argentino deja una huella imborrable en el coraz\u00f3n de los creyentes y del mundo entero.<\/span><\/p>\n<p><span style=\"font-weight: 400\">El Cardenal Giovanni Battista Re, Decano del Colegio Cardenalicio, presidi\u00f3 la Eucarist\u00eda exequial y pronunci\u00f3 una homil\u00eda profundamente conmovedora que resumi\u00f3 con claridad el esp\u00edritu de un pontificado marcado por la cercan\u00eda, la misericordia y la misi\u00f3n.<\/span><\/p>\n<p><span style=\"font-weight: 400\">\u201cFue un Papa en medio de la gente, con el coraz\u00f3n abierto hacia todos\u201d.<\/span><\/p>\n<p><span style=\"font-weight: 400\">Con estas palabras, el Cardenal Re captur\u00f3 lo esencial del ministerio petrino de Francisco: su humanidad desbordante, su lenguaje sencillo pero lleno de sabidur\u00eda, su capacidad de tocar corazones, y su incansable llamado a salir a las periferias geogr\u00e1ficas y existenciales del mundo.<\/span><\/p>\n<p><span style=\"font-weight: 400\">Desde su primer gesto como Papa \u2014inclinarse para pedir la oraci\u00f3n del pueblo\u2014 hasta sus \u00faltimos d\u00edas marcados por la fragilidad, Francisco fue un pastor fiel al Evangelio. \u201cEligi\u00f3 recorrer este camino de entrega hasta el \u00faltimo d\u00eda de su vida terrenal\u201d, dijo el cardenal.<\/span><\/p>\n<p><b>Un pontificado misionero, prof\u00e9tico y fraterno<\/b><\/p>\n<p><span style=\"font-weight: 400\">La homil\u00eda record\u00f3 momentos clave de su ministerio: su primer viaje a Lampedusa, su visita hist\u00f3rica a Irak en 2021, su incansable clamor por la paz en medio de tantas guerras, y su firme defensa de la dignidad humana, especialmente de los pobres, los migrantes, los descartados.<\/span><\/p>\n<p><span style=\"font-weight: 400\">\u201cMisericordia y alegr\u00eda del Evangelio son dos conceptos clave del Papa Francisco\u201d, subray\u00f3 el Cardenal Re.<\/span><\/p>\n<p><span style=\"font-weight: 400\">Evangelii Gaudium, Laudato Si\u2019, Fratelli Tutti\u2026 Sus textos magisteriales fueron eco de su convicci\u00f3n de que la Iglesia debe ser una casa con las puertas abiertas, un hospital de campa\u00f1a que se acerca con ternura a los heridos del mundo.<\/span><\/p>\n<p><b>\u201cNo se olviden de rezar por m\u00ed\u201d<\/b><\/p>\n<p><span style=\"font-weight: 400\">Las \u00faltimas palabras del Cardenal Decano resonaron con fuerza:<\/span><\/p>\n<p><span style=\"font-weight: 400\">\u201cQuerido Papa Francisco, ahora te pedimos a ti que reces por nosotros y que desde el cielo bendigas a la Iglesia, bendigas a Roma, bendigas al mundo entero\u201d.<\/span><\/p>\n<p><span style=\"font-weight: 400\">Hoy, mientras la Iglesia entra en el tiempo del Novendiali y se prepara para el C\u00f3nclave, millones de fieles elevan su oraci\u00f3n agradecida por el alma del Papa Francisco. Su legado sigue vivo en la memoria de los humildes, en el coraz\u00f3n de los j\u00f3venes, en la voz de los pobres, y en cada creyente que se atreve a so\u00f1ar con una Iglesia en salida.<\/span><\/p>\n<p>&nbsp;<\/p>\n","protected":false},"excerpt":{"rendered":"<p>&nbsp; En una Plaza de San Pedro colmada de fieles, l\u00edderes mundiales y representantes de diversas religiones, la Iglesia despidi\u00f3 este s\u00e1bado al Papa Francisco. Sucesor de Pedro durante doce a\u00f1os, el Papa argentino deja una huella imborrable en el coraz\u00f3n de los creyentes y del mundo entero. El Cardenal Giovanni Battista Re, Decano del [&hellip;]<\/p>\n","protected":false},"author":193,"featured_media":1101,"comment_status":"closed","ping_status":"closed","sticky":false,"template":"","format":"standard","meta":{"ocean_post_layout":"","ocean_both_sidebars_style":"","ocean_both_sidebars_content_width":0,"ocean_both_sidebars_sidebars_width":0,"ocean_sidebar":"","ocean_second_sidebar":"","ocean_disable_margins":"enable","ocean_add_body_class":"","ocean_shortcode_before_top_bar":"","ocean_shortcode_after_top_bar":"","ocean_shortcode_before_header":"","ocean_shortcode_after_header":"","ocean_has_shortcode":"","ocean_shortcode_after_title":"","ocean_shortcode_before_footer_widgets":"","ocean_shortcode_after_footer_widgets":"","ocean_shortcode_before_footer_bottom":"","ocean_shortcode_after_footer_bottom":"","ocean_display_top_bar":"default","ocean_display_header":"default","ocean_header_style":"","ocean_center_header_left_menu":"","ocean_custom_header_template":"","ocean_custom_logo":0,"ocean_custom_retina_logo":0,"ocean_custom_logo_max_width":0,"ocean_custom_logo_tablet_max_width":0,"ocean_custom_logo_mobile_max_width":0,"ocean_custom_logo_max_height":0,"ocean_custom_logo_tablet_max_height":0,"ocean_custom_logo_mobile_max_height":0,"ocean_header_custom_menu":"","ocean_menu_typo_font_family":"","ocean_menu_typo_font_subset":"","ocean_menu_typo_font_size":0,"ocean_menu_typo_font_size_tablet":0,"ocean_menu_typo_font_size_mobile":0,"ocean_menu_typo_font_size_unit":"px","ocean_menu_typo_font_weight":"","ocean_menu_typo_font_weight_tablet":"","ocean_menu_typo_font_weight_mobile":"","ocean_menu_typo_transform":"","ocean_menu_typo_transform_tablet":"","ocean_menu_typo_transform_mobile":"","ocean_menu_typo_line_height":0,"ocean_menu_typo_line_height_tablet":0,"ocean_menu_typo_line_height_mobile":0,"ocean_menu_typo_line_height_unit":"","ocean_menu_typo_spacing":0,"ocean_menu_typo_spacing_tablet":0,"ocean_menu_typo_spacing_mobile":0,"ocean_menu_typo_spacing_unit":"","ocean_menu_link_color":"","ocean_menu_link_color_hover":"","ocean_menu_link_color_active":"","ocean_menu_link_background":"","ocean_menu_link_hover_background":"","ocean_menu_link_active_background":"","ocean_menu_social_links_bg":"","ocean_menu_social_hover_links_bg":"","ocean_menu_social_links_color":"","ocean_menu_social_hover_links_color":"","ocean_disable_title":"default","ocean_disable_heading":"default","ocean_post_title":"","ocean_post_subheading":"","ocean_post_title_style":"","ocean_post_title_background_color":"","ocean_post_title_background":0,"ocean_post_title_bg_image_position":"","ocean_post_title_bg_image_attachment":"","ocean_post_title_bg_image_repeat":"","ocean_post_title_bg_image_size":"","ocean_post_title_height":0,"ocean_post_title_bg_overlay":0.5,"ocean_post_title_bg_overlay_color":"","ocean_disable_breadcrumbs":"default","ocean_breadcrumbs_color":"","ocean_breadcrumbs_separator_color":"","ocean_breadcrumbs_links_color":"","ocean_breadcrumbs_links_hover_color":"","ocean_display_footer_widgets":"default","ocean_display_footer_bottom":"default","ocean_custom_footer_template":"","ocean_post_oembed":"","ocean_post_self_hosted_media":"","ocean_post_video_embed":"","ocean_link_format":"","ocean_link_format_target":"self","ocean_quote_format":"","ocean_quote_format_link":"post","ocean_gallery_link_images":"on","ocean_gallery_id":[],"footnotes":""},"categories":[5],"tags":[],"class_list":["post-1097","post","type-post","status-publish","format-standard","has-post-thumbnail","hentry","category-el-vaticano","entry","has-media"],"publishpress_future_action":{"enabled":false,"date":"2026-05-07 01:37:53","action":"change-status","newStatus":"draft","terms":[],"taxonomy":"category","extraData":[]},"publishpress_future_workflow_manual_trigger":{"enabledWorkflows":[]},"_links":{"self":[{"href":"https:\/\/elsembradorministries.com\/esne\/desde-el-vaticano\/wp-json\/wp\/v2\/posts\/1097","targetHints":{"allow":["GET"]}}],"collection":[{"href":"https:\/\/elsembradorministries.com\/esne\/desde-el-vaticano\/wp-json\/wp\/v2\/posts"}],"about":[{"href":"https:\/\/elsembradorministries.com\/esne\/desde-el-vaticano\/wp-json\/wp\/v2\/types\/post"}],"author":[{"embeddable":true,"href":"https:\/\/elsembradorministries.com\/esne\/desde-el-vaticano\/wp-json\/wp\/v2\/users\/193"}],"replies":[{"embeddable":true,"href":"https:\/\/elsembradorministries.com\/esne\/desde-el-vaticano\/wp-json\/wp\/v2\/comments?post=1097"}],"version-history":[{"count":5,"href":"https:\/\/elsembradorministries.com\/esne\/desde-el-vaticano\/wp-json\/wp\/v2\/posts\/1097\/revisions"}],"predecessor-version":[{"id":1112,"href":"https:\/\/elsembradorministries.com\/esne\/desde-el-vaticano\/wp-json\/wp\/v2\/posts\/1097\/revisions\/1112"}],"wp:featuredmedia":[{"embeddable":true,"href":"https:\/\/elsembradorministries.com\/esne\/desde-el-vaticano\/wp-json\/wp\/v2\/media\/1101"}],"wp:attachment":[{"href":"https:\/\/elsembradorministries.com\/esne\/desde-el-vaticano\/wp-json\/wp\/v2\/media?parent=1097"}],"wp:term":[{"taxonomy":"category","embeddable":true,"href":"https:\/\/elsembradorministries.com\/esne\/desde-el-vaticano\/wp-json\/wp\/v2\/categories?post=1097"},{"taxonomy":"post_tag","embeddable":true,"href":"https:\/\/elsembradorministries.com\/esne\/desde-el-vaticano\/wp-json\/wp\/v2\/tags?post=1097"}],"curies":[{"name":"wp","href":"https:\/\/api.w.org\/{rel}","templated":true}]}}