{"id":1129,"date":"2025-05-03T00:42:51","date_gmt":"2025-05-03T00:42:51","guid":{"rendered":"https:\/\/elsembradorministries.com\/esne\/desde-el-vaticano\/?p=1129"},"modified":"2025-05-03T00:42:51","modified_gmt":"2025-05-03T00:42:51","slug":"vatican-news-se-hace-eco-de-la-entrevista-de-noel-diaz-al-papa-francisco","status":"publish","type":"post","link":"https:\/\/elsembradorministries.com\/esne\/desde-el-vaticano\/vatican-news-se-hace-eco-de-la-entrevista-de-noel-diaz-al-papa-francisco\/","title":{"rendered":"Vatican News se hace eco de la entrevista de Noel D\u00edaz al Papa Francisco"},"content":{"rendered":"<h1 style=\"text-align: center\"><b>Vatican News se hace eco de la entrevista de Noel D\u00edaz al Papa Francisco\u00a0<\/b><\/h1>\n<p><span style=\"font-weight: 400\">Su confianza total en Dios, su conciencia de ser d\u00e9bil y pecador, una nueva llamada a los sacerdotes a ser servidores, su admiraci\u00f3n por los m\u00e1rtires contempor\u00e1neos y su preocupaci\u00f3n por los migrantes fueron\u00a0 algunos de los temas que el Papa Francisco abord\u00f3 en 2021 en esa entrevista en su casa de Santa Marta.<\/span><\/p>\n<p><span style=\"font-weight: 400\">Se trata de un di\u00e1logo a partir de pasajes b\u00edblicos que sostuvo con Noel D\u00edaz, quien lidera el apostolado \u201cEl Sembrador, Nueva Evangelizaci\u00f3n\u201d, una asociaci\u00f3n de fieles que anuncian la Palabra de Dios a trav\u00e9s de la televisi\u00f3n y la radio.<\/span><\/p>\n<p><span style=\"font-weight: 400\">Tambi\u00e9n en la entrevista, el Papa se confronta directamente con la figura del Ap\u00f3stol Pedro. Mientras meditaba pasajes b\u00edblicos de di\u00e1logos entre Jes\u00fas y su disc\u00edpulo, expresaba nuevamente su anhelo que la Iglesia fuese una servidora humilde en medio del mundo.<\/span><\/p>\n<p style=\"text-align: left\"><span style=\"font-weight: 400\">Puedes ver aqu\u00ed la entrevista completa:<\/span><\/p>\n<p><p class=\"responsive-video-wrap clr\"><iframe title=\"Pope Francis on the role of the Apostle Peter\" width=\"1200\" height=\"675\" src=\"https:\/\/www.youtube.com\/embed\/XnTFi1wBiJY?start=586&#038;feature=oembed\" frameborder=\"0\" allow=\"accelerometer; autoplay; clipboard-write; encrypted-media; gyroscope; picture-in-picture; web-share\" referrerpolicy=\"strict-origin-when-cross-origin\" allowfullscreen><\/iframe><\/p><\/p>\n","protected":false},"excerpt":{"rendered":"<p>Vatican News se hace eco de la entrevista de Noel D\u00edaz al Papa Francisco\u00a0 Su confianza total en Dios, su conciencia de ser d\u00e9bil y pecador, una nueva llamada a los sacerdotes a ser servidores, su admiraci\u00f3n por los m\u00e1rtires contempor\u00e1neos y su preocupaci\u00f3n por los migrantes fueron\u00a0 algunos de los temas que el Papa [&hellip;]<\/p>\n","protected":false},"author":192,"featured_media":1133,"comment_status":"closed","ping_status":"closed","sticky":false,"template":"","format":"standard","meta":{"ocean_post_layout":"","ocean_both_sidebars_style":"","ocean_both_sidebars_content_width":0,"ocean_both_sidebars_sidebars_width":0,"ocean_sidebar":"","ocean_second_sidebar":"","ocean_disable_margins":"enable","ocean_add_body_class":"","ocean_shortcode_before_top_bar":"","ocean_shortcode_after_top_bar":"","ocean_shortcode_before_header":"","ocean_shortcode_after_header":"","ocean_has_shortcode":"","ocean_shortcode_after_title":"","ocean_shortcode_before_footer_widgets":"","ocean_shortcode_after_footer_widgets":"","ocean_shortcode_before_footer_bottom":"","ocean_shortcode_after_footer_bottom":"","ocean_display_top_bar":"default","ocean_display_header":"default","ocean_header_style":"","ocean_center_header_left_menu":"","ocean_custom_header_template":"","ocean_custom_logo":0,"ocean_custom_retina_logo":0,"ocean_custom_logo_max_width":0,"ocean_custom_logo_tablet_max_width":0,"ocean_custom_logo_mobile_max_width":0,"ocean_custom_logo_max_height":0,"ocean_custom_logo_tablet_max_height":0,"ocean_custom_logo_mobile_max_height":0,"ocean_header_custom_menu":"","ocean_menu_typo_font_family":"","ocean_menu_typo_font_subset":"","ocean_menu_typo_font_size":0,"ocean_menu_typo_font_size_tablet":0,"ocean_menu_typo_font_size_mobile":0,"ocean_menu_typo_font_size_unit":"px","ocean_menu_typo_font_weight":"","ocean_menu_typo_font_weight_tablet":"","ocean_menu_typo_font_weight_mobile":"","ocean_menu_typo_transform":"","ocean_menu_typo_transform_tablet":"","ocean_menu_typo_transform_mobile":"","ocean_menu_typo_line_height":0,"ocean_menu_typo_line_height_tablet":0,"ocean_menu_typo_line_height_mobile":0,"ocean_menu_typo_line_height_unit":"","ocean_menu_typo_spacing":0,"ocean_menu_typo_spacing_tablet":0,"ocean_menu_typo_spacing_mobile":0,"ocean_menu_typo_spacing_unit":"","ocean_menu_link_color":"","ocean_menu_link_color_hover":"","ocean_menu_link_color_active":"","ocean_menu_link_background":"","ocean_menu_link_hover_background":"","ocean_menu_link_active_background":"","ocean_menu_social_links_bg":"","ocean_menu_social_hover_links_bg":"","ocean_menu_social_links_color":"","ocean_menu_social_hover_links_color":"","ocean_disable_title":"default","ocean_disable_heading":"default","ocean_post_title":"","ocean_post_subheading":"","ocean_post_title_style":"","ocean_post_title_background_color":"","ocean_post_title_background":0,"ocean_post_title_bg_image_position":"","ocean_post_title_bg_image_attachment":"","ocean_post_title_bg_image_repeat":"","ocean_post_title_bg_image_size":"","ocean_post_title_height":0,"ocean_post_title_bg_overlay":0.5,"ocean_post_title_bg_overlay_color":"","ocean_disable_breadcrumbs":"default","ocean_breadcrumbs_color":"","ocean_breadcrumbs_separator_color":"","ocean_breadcrumbs_links_color":"","ocean_breadcrumbs_links_hover_color":"","ocean_display_footer_widgets":"default","ocean_display_footer_bottom":"default","ocean_custom_footer_template":"","ocean_post_oembed":"","ocean_post_self_hosted_media":"","ocean_post_video_embed":"","ocean_link_format":"","ocean_link_format_target":"self","ocean_quote_format":"","ocean_quote_format_link":"post","ocean_gallery_link_images":"on","ocean_gallery_id":[],"footnotes":""},"categories":[4,8],"tags":[],"class_list":["post-1129","post","type-post","status-publish","format-standard","has-post-thumbnail","hentry","category-audiencias-papales","category-video","entry","has-media"],"publishpress_future_action":{"enabled":false,"date":"2026-05-08 08:42:39","action":"change-status","newStatus":"draft","terms":[],"taxonomy":"category","extraData":[]},"publishpress_future_workflow_manual_trigger":{"enabledWorkflows":[]},"_links":{"self":[{"href":"https:\/\/elsembradorministries.com\/esne\/desde-el-vaticano\/wp-json\/wp\/v2\/posts\/1129","targetHints":{"allow":["GET"]}}],"collection":[{"href":"https:\/\/elsembradorministries.com\/esne\/desde-el-vaticano\/wp-json\/wp\/v2\/posts"}],"about":[{"href":"https:\/\/elsembradorministries.com\/esne\/desde-el-vaticano\/wp-json\/wp\/v2\/types\/post"}],"author":[{"embeddable":true,"href":"https:\/\/elsembradorministries.com\/esne\/desde-el-vaticano\/wp-json\/wp\/v2\/users\/192"}],"replies":[{"embeddable":true,"href":"https:\/\/elsembradorministries.com\/esne\/desde-el-vaticano\/wp-json\/wp\/v2\/comments?post=1129"}],"version-history":[{"count":7,"href":"https:\/\/elsembradorministries.com\/esne\/desde-el-vaticano\/wp-json\/wp\/v2\/posts\/1129\/revisions"}],"predecessor-version":[{"id":1140,"href":"https:\/\/elsembradorministries.com\/esne\/desde-el-vaticano\/wp-json\/wp\/v2\/posts\/1129\/revisions\/1140"}],"wp:featuredmedia":[{"embeddable":true,"href":"https:\/\/elsembradorministries.com\/esne\/desde-el-vaticano\/wp-json\/wp\/v2\/media\/1133"}],"wp:attachment":[{"href":"https:\/\/elsembradorministries.com\/esne\/desde-el-vaticano\/wp-json\/wp\/v2\/media?parent=1129"}],"wp:term":[{"taxonomy":"category","embeddable":true,"href":"https:\/\/elsembradorministries.com\/esne\/desde-el-vaticano\/wp-json\/wp\/v2\/categories?post=1129"},{"taxonomy":"post_tag","embeddable":true,"href":"https:\/\/elsembradorministries.com\/esne\/desde-el-vaticano\/wp-json\/wp\/v2\/tags?post=1129"}],"curies":[{"name":"wp","href":"https:\/\/api.w.org\/{rel}","templated":true}]}}