{"id":1168,"date":"2025-05-13T19:06:03","date_gmt":"2025-05-13T19:06:03","guid":{"rendered":"https:\/\/elsembradorministries.com\/esne\/desde-el-vaticano\/?p=1168"},"modified":"2025-05-13T19:06:03","modified_gmt":"2025-05-13T19:06:03","slug":"leon-xiv-a-los-comunicadores-la-paz-comienza-con-cada-uno-de-nosotros","status":"publish","type":"post","link":"https:\/\/elsembradorministries.com\/esne\/desde-el-vaticano\/leon-xiv-a-los-comunicadores-la-paz-comienza-con-cada-uno-de-nosotros\/","title":{"rendered":"Le\u00f3n XIV a los comunicadores: \u201cLa paz comienza con cada uno de nosotros\u201d"},"content":{"rendered":"<h1 style=\"text-align: center\"><b>Le\u00f3n XIV a los comunicadores: \u201cLa paz comienza con cada uno de nosotros\u201d<\/b><\/h1>\n<p><span style=\"font-weight: 400\">La primera audiencia del Papa Le\u00f3n XIV en el Aula Paulo VI es a los representantes de los medios de comunicaci\u00f3n que han trabajado durante el c\u00f3nclave informando sobre lo acontecido en la elecci\u00f3n del nuevo Sumo Pont\u00edfice. \u201cLes agradezco el trabajo que han realizado y realizan en este tiempo, que para la Iglesia es esencialmente un tiempo de Gracia\u201d, les dijo el Santo Padre al inicio de su discurso este lunes 12 de mayo.<\/span><\/p>\n<p><b>\u2018No\u2019 a la guerra<\/b><\/p>\n<p><span style=\"font-weight: 400\">Y luego reflexiona con el Serm\u00f3n de la Monta\u00f1a: \u201cBienaventurados los que trabajan por la paz&#8221; (Mt 5,9), para exhortarlos a una \u201ccomunicaci\u00f3n desarmada y desarmante\u201d que comunique la paz.<\/span><\/p>\n<p><span style=\"font-weight: 400\">Y aprovech\u00f3 la ocasi\u00f3n para reiterar \u201cla solidaridad de la Iglesia con los periodistas encarcelados por buscar e informar de la verdad\u201d, para ellos el Papa pidi\u00f3 su liberaci\u00f3n.<\/span><\/p>\n<p><i><span style=\"font-weight: 400\">\u201cEl sufrimiento de estos periodistas encarcelados interpela la conciencia de las naciones y de la comunidad internacional, llam\u00e1ndonos a todos a salvaguardar el bien precioso de la libertad de expresi\u00f3n y de prensa\u201d.<\/span><\/i><\/p>\n<p><span style=\"font-weight: 400\">No ceder a la mediocridad<\/span><\/p>\n<p><span style=\"font-weight: 400\">El Santo Padre agradeci\u00f3 luego a los comunicadores el arduo trabajo en Roma durante las \u00faltimas semanas: \u201cHan estado en Roma estas semanas para contar la Iglesia, su variedad y, al mismo tiempo, su unidad.\u00a0 Acompa\u00f1ando los ritos de la Semana Santa; han relatado el dolor por la muerte del Papa Francisco, pero a la luz de la Pascua. Esa misma fe pascual nos ha introducido en el esp\u00edritu del C\u00f3nclave, que los ha visto particularmente ocupados en d\u00edas agotadores\u201d.<\/span><\/p>\n<p><span style=\"font-weight: 400\">El Pont\u00edfice pidi\u00f3 a los comunicadores que ante el reto de los tiempos dif\u00edciles que vive la humanidad, \u201cno debemos huir. Al contrario, nos piden a cada uno de nosotros, en nuestras diferentes funciones y servicios, que no cedamos nunca a la mediocridad\u201d.<\/span><\/p>\n<p><b>Crear cultura y entornos humanos<\/b><\/p>\n<p><span style=\"font-weight: 400\">Se\u00f1al\u00f3 el Papa Le\u00f3n XIV que \u201cla comunicaci\u00f3n, en efecto, no es solo transmisi\u00f3n de informaci\u00f3n, sino creaci\u00f3n de una cultura, de entornos humanos y digitales que se conviertan en espacios de di\u00e1logo y confrontaci\u00f3n\u201d.<\/span><\/p>\n<p><i><span style=\"font-weight: 400\">\u201cUna comunicaci\u00f3n desarmada y desarmante nos permite compartir una visi\u00f3n diferente del mundo y actuar de forma coherente con nuestra dignidad humana\u201d.<\/span><\/i><\/p>\n","protected":false},"excerpt":{"rendered":"<p>Le\u00f3n XIV a los comunicadores: \u201cLa paz comienza con cada uno de nosotros\u201d La primera audiencia del Papa Le\u00f3n XIV en el Aula Paulo VI es a los representantes de los medios de comunicaci\u00f3n que han trabajado durante el c\u00f3nclave informando sobre lo acontecido en la elecci\u00f3n del nuevo Sumo Pont\u00edfice. \u201cLes agradezco el trabajo [&hellip;]<\/p>\n","protected":false},"author":192,"featured_media":1171,"comment_status":"closed","ping_status":"closed","sticky":false,"template":"","format":"standard","meta":{"ocean_post_layout":"","ocean_both_sidebars_style":"","ocean_both_sidebars_content_width":0,"ocean_both_sidebars_sidebars_width":0,"ocean_sidebar":"","ocean_second_sidebar":"","ocean_disable_margins":"enable","ocean_add_body_class":"","ocean_shortcode_before_top_bar":"","ocean_shortcode_after_top_bar":"","ocean_shortcode_before_header":"","ocean_shortcode_after_header":"","ocean_has_shortcode":"","ocean_shortcode_after_title":"","ocean_shortcode_before_footer_widgets":"","ocean_shortcode_after_footer_widgets":"","ocean_shortcode_before_footer_bottom":"","ocean_shortcode_after_footer_bottom":"","ocean_display_top_bar":"default","ocean_display_header":"default","ocean_header_style":"","ocean_center_header_left_menu":"","ocean_custom_header_template":"","ocean_custom_logo":0,"ocean_custom_retina_logo":0,"ocean_custom_logo_max_width":0,"ocean_custom_logo_tablet_max_width":0,"ocean_custom_logo_mobile_max_width":0,"ocean_custom_logo_max_height":0,"ocean_custom_logo_tablet_max_height":0,"ocean_custom_logo_mobile_max_height":0,"ocean_header_custom_menu":"","ocean_menu_typo_font_family":"","ocean_menu_typo_font_subset":"","ocean_menu_typo_font_size":0,"ocean_menu_typo_font_size_tablet":0,"ocean_menu_typo_font_size_mobile":0,"ocean_menu_typo_font_size_unit":"px","ocean_menu_typo_font_weight":"","ocean_menu_typo_font_weight_tablet":"","ocean_menu_typo_font_weight_mobile":"","ocean_menu_typo_transform":"","ocean_menu_typo_transform_tablet":"","ocean_menu_typo_transform_mobile":"","ocean_menu_typo_line_height":0,"ocean_menu_typo_line_height_tablet":0,"ocean_menu_typo_line_height_mobile":0,"ocean_menu_typo_line_height_unit":"","ocean_menu_typo_spacing":0,"ocean_menu_typo_spacing_tablet":0,"ocean_menu_typo_spacing_mobile":0,"ocean_menu_typo_spacing_unit":"","ocean_menu_link_color":"","ocean_menu_link_color_hover":"","ocean_menu_link_color_active":"","ocean_menu_link_background":"","ocean_menu_link_hover_background":"","ocean_menu_link_active_background":"","ocean_menu_social_links_bg":"","ocean_menu_social_hover_links_bg":"","ocean_menu_social_links_color":"","ocean_menu_social_hover_links_color":"","ocean_disable_title":"default","ocean_disable_heading":"default","ocean_post_title":"","ocean_post_subheading":"","ocean_post_title_style":"","ocean_post_title_background_color":"","ocean_post_title_background":0,"ocean_post_title_bg_image_position":"","ocean_post_title_bg_image_attachment":"","ocean_post_title_bg_image_repeat":"","ocean_post_title_bg_image_size":"","ocean_post_title_height":0,"ocean_post_title_bg_overlay":0.5,"ocean_post_title_bg_overlay_color":"","ocean_disable_breadcrumbs":"default","ocean_breadcrumbs_color":"","ocean_breadcrumbs_separator_color":"","ocean_breadcrumbs_links_color":"","ocean_breadcrumbs_links_hover_color":"","ocean_display_footer_widgets":"default","ocean_display_footer_bottom":"default","ocean_custom_footer_template":"","ocean_post_oembed":"","ocean_post_self_hosted_media":"","ocean_post_video_embed":"","ocean_link_format":"","ocean_link_format_target":"self","ocean_quote_format":"","ocean_quote_format_link":"post","ocean_gallery_link_images":"on","ocean_gallery_id":[],"footnotes":""},"categories":[4],"tags":[],"class_list":["post-1168","post","type-post","status-publish","format-standard","has-post-thumbnail","hentry","category-audiencias-papales","entry","has-media"],"publishpress_future_action":{"enabled":false,"date":"2026-05-08 01:12:04","action":"change-status","newStatus":"draft","terms":[],"taxonomy":"category","extraData":[]},"publishpress_future_workflow_manual_trigger":{"enabledWorkflows":[]},"_links":{"self":[{"href":"https:\/\/elsembradorministries.com\/esne\/desde-el-vaticano\/wp-json\/wp\/v2\/posts\/1168","targetHints":{"allow":["GET"]}}],"collection":[{"href":"https:\/\/elsembradorministries.com\/esne\/desde-el-vaticano\/wp-json\/wp\/v2\/posts"}],"about":[{"href":"https:\/\/elsembradorministries.com\/esne\/desde-el-vaticano\/wp-json\/wp\/v2\/types\/post"}],"author":[{"embeddable":true,"href":"https:\/\/elsembradorministries.com\/esne\/desde-el-vaticano\/wp-json\/wp\/v2\/users\/192"}],"replies":[{"embeddable":true,"href":"https:\/\/elsembradorministries.com\/esne\/desde-el-vaticano\/wp-json\/wp\/v2\/comments?post=1168"}],"version-history":[{"count":3,"href":"https:\/\/elsembradorministries.com\/esne\/desde-el-vaticano\/wp-json\/wp\/v2\/posts\/1168\/revisions"}],"predecessor-version":[{"id":1173,"href":"https:\/\/elsembradorministries.com\/esne\/desde-el-vaticano\/wp-json\/wp\/v2\/posts\/1168\/revisions\/1173"}],"wp:featuredmedia":[{"embeddable":true,"href":"https:\/\/elsembradorministries.com\/esne\/desde-el-vaticano\/wp-json\/wp\/v2\/media\/1171"}],"wp:attachment":[{"href":"https:\/\/elsembradorministries.com\/esne\/desde-el-vaticano\/wp-json\/wp\/v2\/media?parent=1168"}],"wp:term":[{"taxonomy":"category","embeddable":true,"href":"https:\/\/elsembradorministries.com\/esne\/desde-el-vaticano\/wp-json\/wp\/v2\/categories?post=1168"},{"taxonomy":"post_tag","embeddable":true,"href":"https:\/\/elsembradorministries.com\/esne\/desde-el-vaticano\/wp-json\/wp\/v2\/tags?post=1168"}],"curies":[{"name":"wp","href":"https:\/\/api.w.org\/{rel}","templated":true}]}}