{"id":1178,"date":"2025-05-15T18:29:16","date_gmt":"2025-05-15T18:29:16","guid":{"rendered":"https:\/\/elsembradorministries.com\/esne\/desde-el-vaticano\/?p=1178"},"modified":"2025-05-15T18:29:16","modified_gmt":"2025-05-15T18:29:16","slug":"el-papa-evangelizar-educando-y-educar-evangelizando","status":"publish","type":"post","link":"https:\/\/elsembradorministries.com\/esne\/desde-el-vaticano\/el-papa-evangelizar-educando-y-educar-evangelizando\/","title":{"rendered":"El Papa: Evangelizar educando y educar evangelizando"},"content":{"rendered":"<h1 style=\"text-align: center\">El Papa: Evangelizar educando y educar evangelizando<\/h1>\n<p><span style=\"font-weight: 400\">Los j\u00f3venes como \u00abvolc\u00e1n de vida\u00bb y los profesores como ministros y misioneros: \u00e9stas son las dos im\u00e1genes del mundo escolar ofrecidas por el Papa Le\u00f3n XIV en la audiencia a los Hermanos de las Escuelas Cristianas -fundadas por San Juan Bautista de La Salle- recibida esta ma\u00f1ana, 15 de mayo, en la Sala Clementina.<\/span><\/p>\n<p><span style=\"font-weight: 400\">A pesar de su historicidad, sin embargo, los Hermanos de las Escuelas Cristianas no han perdido actualidad: el Pont\u00edfice lo subray\u00f3 en su discurso, se\u00f1alando c\u00f3mo la capacidad de La Salle de responder creativamente a las muchas dificultades de su \u00e9poca, aventur\u00e1ndose tambi\u00e9n \u00abpor caminos nuevos y a menudo inexplorados\u00bb (fue este santo y pedagogo franc\u00e9s, por ejemplo, quien lanz\u00f3 la \u00abrevoluci\u00f3n pedag\u00f3gica\u00bb de la ense\u00f1anza dirigida a las clases y ya no a los alumnos individualmente) debe ser todav\u00eda hoy un modelo de referencia.<\/span><\/p>\n<p><i><span style=\"font-weight: 400\">Los j\u00f3venes de nuestro tiempo, como los de todas las \u00e9pocas, son un volc\u00e1n de vida, de energ\u00eda, de sentimientos, de ideas. Esto se puede ver en las cosas maravillosas que pueden hacer, en tantos campos. Sin embargo, tambi\u00e9n ellos necesitan ayuda, para que esta riqueza crezca en armon\u00eda y para superar lo que, aunque de forma diferente que en el pasado, todav\u00eda puede impedir su sano desarrollo.<\/span><\/i><\/p>\n<p><span style=\"font-weight: 400\">Estos \u00abdesaf\u00edos exigentes\u00bb, dice el Papa, deben, sin embargo, convertirse en \u00abtrampolines de lanzamiento\u00bb para desarrollar nuevos instrumentos y lenguajes, con los que \u00abtocar el coraz\u00f3n de los alumnos, ayud\u00e1ndoles y estimul\u00e1ndoles a afrontar con valent\u00eda cada obst\u00e1culo para dar lo mejor de s\u00ed mismos en la vida, seg\u00fan los designios de Dios\u00bb.<\/span><\/p>\n<p><span style=\"font-weight: 400\">Tras la estela del Papa Francisco, por tanto, Le\u00f3n XIV recuerda el principio de \u00abevangelizar educando y educar evangelizando\u00bb, subrayando finalmente la importancia de la \u00absinergia\u00bb entre todos los \u00abcomponentes formativos\u00bb.<\/span><\/p>\n","protected":false},"excerpt":{"rendered":"<p>El Papa: Evangelizar educando y educar evangelizando Los j\u00f3venes como \u00abvolc\u00e1n de vida\u00bb y los profesores como ministros y misioneros: \u00e9stas son las dos im\u00e1genes del mundo escolar ofrecidas por el Papa Le\u00f3n XIV en la audiencia a los Hermanos de las Escuelas Cristianas -fundadas por San Juan Bautista de La Salle- recibida esta ma\u00f1ana, [&hellip;]<\/p>\n","protected":false},"author":192,"featured_media":1179,"comment_status":"closed","ping_status":"closed","sticky":false,"template":"","format":"standard","meta":{"ocean_post_layout":"","ocean_both_sidebars_style":"","ocean_both_sidebars_content_width":0,"ocean_both_sidebars_sidebars_width":0,"ocean_sidebar":"","ocean_second_sidebar":"","ocean_disable_margins":"enable","ocean_add_body_class":"","ocean_shortcode_before_top_bar":"","ocean_shortcode_after_top_bar":"","ocean_shortcode_before_header":"","ocean_shortcode_after_header":"","ocean_has_shortcode":"","ocean_shortcode_after_title":"","ocean_shortcode_before_footer_widgets":"","ocean_shortcode_after_footer_widgets":"","ocean_shortcode_before_footer_bottom":"","ocean_shortcode_after_footer_bottom":"","ocean_display_top_bar":"default","ocean_display_header":"default","ocean_header_style":"","ocean_center_header_left_menu":"","ocean_custom_header_template":"","ocean_custom_logo":0,"ocean_custom_retina_logo":0,"ocean_custom_logo_max_width":0,"ocean_custom_logo_tablet_max_width":0,"ocean_custom_logo_mobile_max_width":0,"ocean_custom_logo_max_height":0,"ocean_custom_logo_tablet_max_height":0,"ocean_custom_logo_mobile_max_height":0,"ocean_header_custom_menu":"","ocean_menu_typo_font_family":"","ocean_menu_typo_font_subset":"","ocean_menu_typo_font_size":0,"ocean_menu_typo_font_size_tablet":0,"ocean_menu_typo_font_size_mobile":0,"ocean_menu_typo_font_size_unit":"px","ocean_menu_typo_font_weight":"","ocean_menu_typo_font_weight_tablet":"","ocean_menu_typo_font_weight_mobile":"","ocean_menu_typo_transform":"","ocean_menu_typo_transform_tablet":"","ocean_menu_typo_transform_mobile":"","ocean_menu_typo_line_height":0,"ocean_menu_typo_line_height_tablet":0,"ocean_menu_typo_line_height_mobile":0,"ocean_menu_typo_line_height_unit":"","ocean_menu_typo_spacing":0,"ocean_menu_typo_spacing_tablet":0,"ocean_menu_typo_spacing_mobile":0,"ocean_menu_typo_spacing_unit":"","ocean_menu_link_color":"","ocean_menu_link_color_hover":"","ocean_menu_link_color_active":"","ocean_menu_link_background":"","ocean_menu_link_hover_background":"","ocean_menu_link_active_background":"","ocean_menu_social_links_bg":"","ocean_menu_social_hover_links_bg":"","ocean_menu_social_links_color":"","ocean_menu_social_hover_links_color":"","ocean_disable_title":"default","ocean_disable_heading":"default","ocean_post_title":"","ocean_post_subheading":"","ocean_post_title_style":"","ocean_post_title_background_color":"","ocean_post_title_background":0,"ocean_post_title_bg_image_position":"","ocean_post_title_bg_image_attachment":"","ocean_post_title_bg_image_repeat":"","ocean_post_title_bg_image_size":"","ocean_post_title_height":0,"ocean_post_title_bg_overlay":0.5,"ocean_post_title_bg_overlay_color":"","ocean_disable_breadcrumbs":"default","ocean_breadcrumbs_color":"","ocean_breadcrumbs_separator_color":"","ocean_breadcrumbs_links_color":"","ocean_breadcrumbs_links_hover_color":"","ocean_display_footer_widgets":"default","ocean_display_footer_bottom":"default","ocean_custom_footer_template":"","ocean_post_oembed":"","ocean_post_self_hosted_media":"","ocean_post_video_embed":"","ocean_link_format":"","ocean_link_format_target":"self","ocean_quote_format":"","ocean_quote_format_link":"post","ocean_gallery_link_images":"on","ocean_gallery_id":[],"footnotes":""},"categories":[4],"tags":[],"class_list":["post-1178","post","type-post","status-publish","format-standard","has-post-thumbnail","hentry","category-audiencias-papales","entry","has-media"],"publishpress_future_action":{"enabled":false,"date":"2026-05-08 01:13:17","action":"change-status","newStatus":"draft","terms":[],"taxonomy":"category","extraData":[]},"publishpress_future_workflow_manual_trigger":{"enabledWorkflows":[]},"_links":{"self":[{"href":"https:\/\/elsembradorministries.com\/esne\/desde-el-vaticano\/wp-json\/wp\/v2\/posts\/1178","targetHints":{"allow":["GET"]}}],"collection":[{"href":"https:\/\/elsembradorministries.com\/esne\/desde-el-vaticano\/wp-json\/wp\/v2\/posts"}],"about":[{"href":"https:\/\/elsembradorministries.com\/esne\/desde-el-vaticano\/wp-json\/wp\/v2\/types\/post"}],"author":[{"embeddable":true,"href":"https:\/\/elsembradorministries.com\/esne\/desde-el-vaticano\/wp-json\/wp\/v2\/users\/192"}],"replies":[{"embeddable":true,"href":"https:\/\/elsembradorministries.com\/esne\/desde-el-vaticano\/wp-json\/wp\/v2\/comments?post=1178"}],"version-history":[{"count":1,"href":"https:\/\/elsembradorministries.com\/esne\/desde-el-vaticano\/wp-json\/wp\/v2\/posts\/1178\/revisions"}],"predecessor-version":[{"id":1180,"href":"https:\/\/elsembradorministries.com\/esne\/desde-el-vaticano\/wp-json\/wp\/v2\/posts\/1178\/revisions\/1180"}],"wp:featuredmedia":[{"embeddable":true,"href":"https:\/\/elsembradorministries.com\/esne\/desde-el-vaticano\/wp-json\/wp\/v2\/media\/1179"}],"wp:attachment":[{"href":"https:\/\/elsembradorministries.com\/esne\/desde-el-vaticano\/wp-json\/wp\/v2\/media?parent=1178"}],"wp:term":[{"taxonomy":"category","embeddable":true,"href":"https:\/\/elsembradorministries.com\/esne\/desde-el-vaticano\/wp-json\/wp\/v2\/categories?post=1178"},{"taxonomy":"post_tag","embeddable":true,"href":"https:\/\/elsembradorministries.com\/esne\/desde-el-vaticano\/wp-json\/wp\/v2\/tags?post=1178"}],"curies":[{"name":"wp","href":"https:\/\/api.w.org\/{rel}","templated":true}]}}