{"id":1271,"date":"2025-09-05T16:57:09","date_gmt":"2025-09-05T16:57:09","guid":{"rendered":"https:\/\/elsembradorministries.com\/esne\/desde-el-vaticano\/?p=1271"},"modified":"2025-09-05T16:57:09","modified_gmt":"2025-09-05T16:57:09","slug":"el-papa-inaugura-el-borgo-laudato-si-en-castel-gandolfo","status":"publish","type":"post","link":"https:\/\/elsembradorministries.com\/esne\/desde-el-vaticano\/el-papa-inaugura-el-borgo-laudato-si-en-castel-gandolfo\/","title":{"rendered":"El Papa inaugura el Borgo Laudato si\u2019 en Castel Gandolfo"},"content":{"rendered":"<p>Le\u00f3n XIV abre el proyecto que se extiende sobre 55 hect\u00e1reas de terreno, antes parte de las Villas Pontificias. \u201cSomos criaturas entre las criaturas, y no creadores\u201d, afirma en la homil\u00eda del Rito de Bendici\u00f3n.<\/p>\n<p>Vatican News\/ESNE<\/p>\n<p>La flora y la fauna, \u201clas aves del cielo\u201d, los \u201clirios del campo\u201d, son \u201cs\u00edntesis de extraordinaria belleza\u201d. Su cuidado es una \u201cvocaci\u00f3n\u201d com\u00fan a todo ser humano, capaz de transformar la naturaleza en un lugar de \u201ccercan\u00eda\u201d, que \u201cno puede no hablarnos de Dios\u201d. Estos son los horizontes que el Papa Le\u00f3n XIV contempla para el Borgo\u00a0<a href=\"https:\/\/www.vatican.va\/content\/francesco\/es\/encyclicals\/documents\/papa-francesco_20150524_enciclica-laudato-si.html\" rel=\"external\">Laudato si\u2019,<\/a>\u00a0inaugurado este viernes 5 de septiembre en las 55 hect\u00e1reas de terreno que en otro tiempo formaron parte de las Villas Pontificias de Castel Gandolfo. El Borgo une dos almas: el Centro de alta formaci\u00f3n Laudato si\u2019, instituido por dos quir\u00f3grafos del Papa Francisco y coraz\u00f3n educativo del proyecto, y un sistema agr\u00edcola basado en los principios de la ecolog\u00eda integral.<\/p>\n<blockquote>\n<p>\u201cTodo ha sido sabiamente ordenado, desde el principio, para que todas las criaturas concurran a la realizaci\u00f3n del Reino de Dios. Cada criatura tiene un papel importante y espec\u00edfico en su proyecto, y cada una es \u2018cosa buena\u2019, como subraya el Libro del G\u00e9nesis\u201d.<\/p>\n<\/blockquote>\n<p>La referencia a aves y lirios no es casual. \u201c\u2018\u00bfNo val\u00e9is acaso m\u00e1s que ellas?\u2019\u201d es la primera pregunta que Jes\u00fas dirige a los suyos. \u201c\u2018Si Dios viste as\u00ed la hierba del campo\u2026 \u00bfno har\u00e1 mucho m\u00e1s por vosotros?\u2019\u201d, la segunda.<\/p>\n<p>Casi retomando impl\u00edcitamente el relato del G\u00e9nesis, Jes\u00fas subraya el lugar especial reservado, en el acto creador, al ser humano: la criatura m\u00e1s hermosa, hecha a imagen y semejanza de Dios. Pero a tal privilegio se asocia una gran responsabilidad: la de custodiar a todas las dem\u00e1s criaturas, en el respeto del dise\u00f1o del Creador.<\/p>\n<p>No solo\u00a0<i>Laudato si\u2019<\/i>, sino tambi\u00e9n la exhortaci\u00f3n apost\u00f3lica\u00a0<i><a href=\"https:\/\/www.vatican.va\/content\/francesco\/es\/apost_exhortations\/documents\/20231004-laudate-deum.html\" rel=\"external\">Laudate Deum<\/a><\/i>\u00a0gu\u00edan la reflexi\u00f3n del Papa, que ha colocado la inauguraci\u00f3n del Borgo Laudato si\u2019 entre las iniciativas de la Iglesia destinadas a realizar su \u201cvocaci\u00f3n de ser custodios de la obra de Dios\u201d. Una tarea tan \u201cexigente\u201d como \u201cbella, fascinante\u201d, que constituye \u201cun aspecto primario de la experiencia cristiana\u201d.<\/p>\n<h4>Una \u201csemilla\u201d, herencia de Papa Francisco<\/h4>\n<p>El Pont\u00edfice defini\u00f3 el Borgo como un &#8220;legado&#8221; del Papa Francisco, \u201cuna semilla que puede dar frutos de justicia y de paz\u201d, retomando un pasaje de su\u00a0<a href=\"https:\/\/press.vatican.va\/content\/salastampa\/es\/bollettino\/pubblico\/2025\/07\/02\/020725a.html\" rel=\"external\">Mensaje para la X Jornada Mundial de Oraci\u00f3n por el Cuidado de la Creaci\u00f3n<\/a>. Una semilla que germinar\u00e1 \u201cpermaneciendo fiel a su mandato, es decir, \u2018ser un modelo tangible de pensamiento, de estructura y de acci\u00f3n\u2019 que favorezca \u2018la conversi\u00f3n ecol\u00f3gica a trav\u00e9s de la educaci\u00f3n y la catequesis\u2019\u201d.<\/p>\n<p>Le\u00f3n XIV concluy\u00f3 destacando c\u00f3mo las maravillas del Borgo son \u201cs\u00edntesis de extraordinaria belleza\u201d que entrelazan \u201cespiritualidad, naturaleza, historia, arte, trabajo y tecnolog\u00eda\u201d.<\/p>\n<p>\u201cEsta es, en definitiva, la idea del Borgo: un lugar de cercan\u00eda y de convivencia. Y todo esto no puede no hablarnos de Dios\u201d.<\/p>\n<h4>Las aulas para la formaci\u00f3n<\/h4>\n<p>Otro momento significativo fue el de la nueva \u00e1rea del Invernadero y del Santuario de Borgo Laudato si\u2019, destinada a las actividades formativas para estudiantes, profesionales y comunidades vulnerables. Cada a\u00f1o el complejo acoger\u00e1 hasta dos mil estudiantes provenientes de todo el mundo, incluidos j\u00f3venes con discapacidad, enviados a trav\u00e9s de las di\u00f3cesis. Entre las aulas y espacios del Centro, el Papa se encontr\u00f3 tambi\u00e9n con una representaci\u00f3n de estudiantes de escuelas cercanas, algunos directores generales de empresas y personas en situaci\u00f3n de fragilidad implicadas en los itinerarios de formaci\u00f3n.<\/p>\n","protected":false},"excerpt":{"rendered":"<p>Le\u00f3n XIV abre el proyecto que se extiende sobre 55 hect\u00e1reas de terreno, antes parte de las Villas Pontificias. \u201cSomos criaturas entre las criaturas, y no creadores\u201d, afirma en la homil\u00eda del Rito de Bendici\u00f3n. Vatican News\/ESNE La flora y la fauna, \u201clas aves del cielo\u201d, los \u201clirios del campo\u201d, son \u201cs\u00edntesis de extraordinaria belleza\u201d. [&hellip;]<\/p>\n","protected":false},"author":129,"featured_media":1272,"comment_status":"closed","ping_status":"closed","sticky":false,"template":"","format":"standard","meta":{"ocean_post_layout":"","ocean_both_sidebars_style":"","ocean_both_sidebars_content_width":0,"ocean_both_sidebars_sidebars_width":0,"ocean_sidebar":"","ocean_second_sidebar":"","ocean_disable_margins":"enable","ocean_add_body_class":"","ocean_shortcode_before_top_bar":"","ocean_shortcode_after_top_bar":"","ocean_shortcode_before_header":"","ocean_shortcode_after_header":"","ocean_has_shortcode":"","ocean_shortcode_after_title":"","ocean_shortcode_before_footer_widgets":"","ocean_shortcode_after_footer_widgets":"","ocean_shortcode_before_footer_bottom":"","ocean_shortcode_after_footer_bottom":"","ocean_display_top_bar":"default","ocean_display_header":"default","ocean_header_style":"","ocean_center_header_left_menu":"","ocean_custom_header_template":"","ocean_custom_logo":0,"ocean_custom_retina_logo":0,"ocean_custom_logo_max_width":0,"ocean_custom_logo_tablet_max_width":0,"ocean_custom_logo_mobile_max_width":0,"ocean_custom_logo_max_height":0,"ocean_custom_logo_tablet_max_height":0,"ocean_custom_logo_mobile_max_height":0,"ocean_header_custom_menu":"","ocean_menu_typo_font_family":"","ocean_menu_typo_font_subset":"","ocean_menu_typo_font_size":0,"ocean_menu_typo_font_size_tablet":0,"ocean_menu_typo_font_size_mobile":0,"ocean_menu_typo_font_size_unit":"px","ocean_menu_typo_font_weight":"","ocean_menu_typo_font_weight_tablet":"","ocean_menu_typo_font_weight_mobile":"","ocean_menu_typo_transform":"","ocean_menu_typo_transform_tablet":"","ocean_menu_typo_transform_mobile":"","ocean_menu_typo_line_height":0,"ocean_menu_typo_line_height_tablet":0,"ocean_menu_typo_line_height_mobile":0,"ocean_menu_typo_line_height_unit":"","ocean_menu_typo_spacing":0,"ocean_menu_typo_spacing_tablet":0,"ocean_menu_typo_spacing_mobile":0,"ocean_menu_typo_spacing_unit":"","ocean_menu_link_color":"","ocean_menu_link_color_hover":"","ocean_menu_link_color_active":"","ocean_menu_link_background":"","ocean_menu_link_hover_background":"","ocean_menu_link_active_background":"","ocean_menu_social_links_bg":"","ocean_menu_social_hover_links_bg":"","ocean_menu_social_links_color":"","ocean_menu_social_hover_links_color":"","ocean_disable_title":"default","ocean_disable_heading":"default","ocean_post_title":"","ocean_post_subheading":"","ocean_post_title_style":"","ocean_post_title_background_color":"","ocean_post_title_background":0,"ocean_post_title_bg_image_position":"","ocean_post_title_bg_image_attachment":"","ocean_post_title_bg_image_repeat":"","ocean_post_title_bg_image_size":"","ocean_post_title_height":0,"ocean_post_title_bg_overlay":0.5,"ocean_post_title_bg_overlay_color":"","ocean_disable_breadcrumbs":"default","ocean_breadcrumbs_color":"","ocean_breadcrumbs_separator_color":"","ocean_breadcrumbs_links_color":"","ocean_breadcrumbs_links_hover_color":"","ocean_display_footer_widgets":"default","ocean_display_footer_bottom":"default","ocean_custom_footer_template":"","ocean_post_oembed":"","ocean_post_self_hosted_media":"","ocean_post_video_embed":"","ocean_link_format":"","ocean_link_format_target":"self","ocean_quote_format":"","ocean_quote_format_link":"post","ocean_gallery_link_images":"on","ocean_gallery_id":[],"footnotes":""},"categories":[5],"tags":[],"class_list":["post-1271","post","type-post","status-publish","format-standard","has-post-thumbnail","hentry","category-el-vaticano","entry","has-media"],"publishpress_future_action":{"enabled":false,"date":"2026-05-05 02:40:01","action":"change-status","newStatus":"draft","terms":[],"taxonomy":"category","extraData":[]},"publishpress_future_workflow_manual_trigger":{"enabledWorkflows":[]},"_links":{"self":[{"href":"https:\/\/elsembradorministries.com\/esne\/desde-el-vaticano\/wp-json\/wp\/v2\/posts\/1271","targetHints":{"allow":["GET"]}}],"collection":[{"href":"https:\/\/elsembradorministries.com\/esne\/desde-el-vaticano\/wp-json\/wp\/v2\/posts"}],"about":[{"href":"https:\/\/elsembradorministries.com\/esne\/desde-el-vaticano\/wp-json\/wp\/v2\/types\/post"}],"author":[{"embeddable":true,"href":"https:\/\/elsembradorministries.com\/esne\/desde-el-vaticano\/wp-json\/wp\/v2\/users\/129"}],"replies":[{"embeddable":true,"href":"https:\/\/elsembradorministries.com\/esne\/desde-el-vaticano\/wp-json\/wp\/v2\/comments?post=1271"}],"version-history":[{"count":1,"href":"https:\/\/elsembradorministries.com\/esne\/desde-el-vaticano\/wp-json\/wp\/v2\/posts\/1271\/revisions"}],"predecessor-version":[{"id":1273,"href":"https:\/\/elsembradorministries.com\/esne\/desde-el-vaticano\/wp-json\/wp\/v2\/posts\/1271\/revisions\/1273"}],"wp:featuredmedia":[{"embeddable":true,"href":"https:\/\/elsembradorministries.com\/esne\/desde-el-vaticano\/wp-json\/wp\/v2\/media\/1272"}],"wp:attachment":[{"href":"https:\/\/elsembradorministries.com\/esne\/desde-el-vaticano\/wp-json\/wp\/v2\/media?parent=1271"}],"wp:term":[{"taxonomy":"category","embeddable":true,"href":"https:\/\/elsembradorministries.com\/esne\/desde-el-vaticano\/wp-json\/wp\/v2\/categories?post=1271"},{"taxonomy":"post_tag","embeddable":true,"href":"https:\/\/elsembradorministries.com\/esne\/desde-el-vaticano\/wp-json\/wp\/v2\/tags?post=1271"}],"curies":[{"name":"wp","href":"https:\/\/api.w.org\/{rel}","templated":true}]}}