{"id":1274,"date":"2025-09-07T14:21:41","date_gmt":"2025-09-07T14:21:41","guid":{"rendered":"https:\/\/elsembradorministries.com\/esne\/desde-el-vaticano\/?p=1274"},"modified":"2025-09-07T14:21:41","modified_gmt":"2025-09-07T14:21:41","slug":"frassati-y-acutis-son-una-invitacion-a-no-malgastar-la-vida","status":"publish","type":"post","link":"https:\/\/elsembradorministries.com\/esne\/desde-el-vaticano\/frassati-y-acutis-son-una-invitacion-a-no-malgastar-la-vida\/","title":{"rendered":"Frassati y Acutis son una invitaci\u00f3n a no malgastar la vida"},"content":{"rendered":"<p><em>Este 7 de septiembre, en la Plaza de San Pedro, el Santo Padre presidi\u00f3 la celebraci\u00f3n Eucar\u00edstica con el rito de canonizaci\u00f3n de los Beatos Carlo Acutis y Pier Giorgio Frassati.<\/em><\/p>\n<p style=\"text-align: right\"><em>Vatican News\/ESNE<\/em><\/p>\n<blockquote>\n<p>\u201cLos santos Pier Giorgio Frassati y Carlo Acutis son una invitaci\u00f3n para todos nosotros, sobre todo para los j\u00f3venes, a no malgastar la vida, sino a orientarla hacia lo alto y hacer de ella una obra maestra\u201d.<\/p>\n<\/blockquote>\n<p>Esta fue la invitaci\u00f3n que realiz\u00f3 el Papa Le\u00f3n XIV en su homil\u00eda en la Santa Misa que presidi\u00f3 con el rito de canonizaci\u00f3n de los Beatos Carlo Acutis y Pier Giorgio Frassati, este domingo 7 de septiembre, en la Plaza de San Pedro, en el Vaticano.<\/p>\n<p>En su homil\u00eda, al comentar las lecturas de este XXIII Domingo del Tiempo Ordinario, el Santo Padre se\u00f1al\u00f3 que en el Libro de la Sabidur\u00eda se dirige una pregunta al joven rey Salom\u00f3n, sobre quien puede conocer la voluntad del Se\u00f1or, sino es \u00c9l mismo el que da la sabidur\u00eda y su santo Esp\u00edritu para conocerlo. Salom\u00f3n dispon\u00eda de muchas cosas, pero esta gran abundancia de medios le hab\u00eda hecho surgir una pregunta en su coraz\u00f3n: \u201c\u00bfQu\u00e9 debo hacer para que nada se pierda?\u201d.<\/p>\n<blockquote>\n<p><i>\u201cY hab\u00eda entendido que el \u00fanico camino para encontrar una respuesta era pedir a Dios un don a\u00fan mayor: su Sabidur\u00eda, para poder conocer sus proyectos y adherir a ellos fielmente. Se dio cuenta, en efecto, que de ese modo todas las cosas encontrar\u00edan su lugar en el gran designio del Se\u00f1or. S\u00ed, porque el riesgo m\u00e1s grande de la vida es desaprovecharla fuera del proyecto de Dios\u201d.<\/i><\/p>\n<\/blockquote>\n<div>\n<div class=\"article__embed article__embed--unwrap article__embed--photo\">\n<figure><\/figure>\n<h4><b>\u00abSe\u00f1or, \u00bfqu\u00e9 quieres que haga?\u00bb<\/b><\/h4>\n<p>En este sentido, el Santo Padre record\u00f3 que muchos j\u00f3venes, a lo largo de los siglos, tuvieron que afrontar este momento decisivo de la vida. As\u00ed como Salom\u00f3n, tambi\u00e9n Francisco de As\u00eds, que era joven y rico, y estaba sediento de gloria y de fama, parti\u00f3 a la guerra, esperando ser nombrado \u201ccaballero\u201d y revestirse de honores. Pero Jes\u00fas se le apareci\u00f3 en el camino y le hizo reflexionar sobre lo que estaba haciendo. Vuelto en s\u00ed, dirigi\u00f3 a Dios una pregunta sencilla: \u00abSe\u00f1or, \u00bfqu\u00e9 quieres que haga?\u00bb.<\/p>\n<h4><b>Pier Giorgio y su alegr\u00eda de vivir y de ser cristiano en la oraci\u00f3n<\/b><\/h4>\n<p>Al referirse a Pier Giorgio Frassati, el Pont\u00edfice dijo que, \u00e9l encontr\u00f3 al Se\u00f1or por medio de la escuela y los grupos eclesiales y dio testimonio de ello a trav\u00e9s de su alegr\u00eda de vivir y de ser cristiano en la oraci\u00f3n, en la amistad y en la caridad. Hasta el punto de que, a fuerza de verlo recorrer las calles de Tur\u00edn con carritos repletos de ayuda para los pobres, sus amigos lo llamaban \u201cEmpresa de Transportes Frassati\u201d.<\/p>\n<blockquote>\n<p><i>\u201cTambi\u00e9n hoy, la vida de Pier Giorgio representa una luz para la espiritualidad laical. Para \u00e9l la fe no fue una devoci\u00f3n privada; impulsado por la fuerza del Evangelio y la pertenencia a asociaciones eclesiales, se comprometi\u00f3 generosamente en la sociedad, dio su contribuci\u00f3n en la vida pol\u00edtica, se desgast\u00f3 con ardor al servicio de los pobres\u201d.<\/i><\/p>\n<\/blockquote>\n<h4><b>Carlo encontr\u00f3 a Jes\u00fas en su familia y en los sacramentos<\/b><\/h4>\n<p>De Carlo Acutis, el Santo Padre dijo que este joven encontr\u00f3 a Jes\u00fas en su familia, gracias a sus padres, Andr\u00e9s y Antonia y despu\u00e9s en la escuela, tambi\u00e9n \u00e9l, y sobre todo en los sacramentos, celebrados en la comunidad parroquial.<\/p>\n<blockquote>\n<p><i>\u201cDe ese modo, creci\u00f3 integrando naturalmente en sus jornadas de ni\u00f1o y de adolescente la oraci\u00f3n, el deporte, el estudio y la caridad\u201d.<\/i><\/p>\n<\/blockquote>\n<p>Ambos, Pier Giorgio y Carlo, destac\u00f3 el Papa, cultivaron el amor a Dios y a los hermanos a trav\u00e9s de medios sencillos, al alcance de todos: la Santa Misa diaria, la oraci\u00f3n, y especialmente la adoraci\u00f3n Eucar\u00edstica. Otra cosa esencial para ellos era la confesi\u00f3n frecuente.<\/p>\n<blockquote>\n<p><i>\u201cCarlo dec\u00eda: \u00abCuando nos ponemos frente al sol, nos bronceamos. Cuando nos ponemos ante Jes\u00fas en la Eucarist\u00eda, nos convertimos en santos\u00bb, y tambi\u00e9n: \u00abLa tristeza es dirigir la mirada hacia uno mismo, la felicidad es dirigir la mirada hacia Dios. La conversi\u00f3n no es otra cosa que desviar la mirada desde abajo hacia lo alto. Basta un simple movimiento de ojos\u00bb\u201d.<\/i><\/p>\n<\/blockquote>\n<p>El Papa Le\u00f3n XIV dijo que, incluso cuando los aquej\u00f3 la enfermedad y esta fue deteriorando sus j\u00f3venes vidas, ni siquiera eso los detuvo ni les impidi\u00f3 amar, ofrecerse a Dios, bendecirlo y pedirle por ellos y por todos.<\/p>\n<blockquote>\n<p><i>\u201cUn d\u00eda Pier Giorgio dijo: \u00abEl d\u00eda de mi muerte ser\u00e1 el d\u00eda m\u00e1s bello de mi vida\u00bb; y en su \u00faltima foto, que lo retrata mientras escalaba una monta\u00f1a de Val di Lanzo, con el rostro dirigido a la meta, hab\u00eda escrito: \u00abHacia lo alto\u00bb. Por otra parte, a Carlo, siendo a\u00fan m\u00e1s joven, le gustaba decir que el cielo nos espera desde siempre, y que amar el ma\u00f1ana es dar hoy nuestro mejor fruto\u201d.<\/i><\/p>\n<\/blockquote>\n<p>Finalmente, el Santo Padre dijo que, los santos Pier Giorgio Frassati y Carlo Acutis son una invitaci\u00f3n para todos nosotros, sobre todo para los j\u00f3venes, a no malgastar la vida, sino a orientarla hacia lo alto y hacer de ella una obra maestra.<\/p>\n<blockquote>\n<p><i>\u00abNos animan con sus palabras: \u201cNo yo, sino Dios\u201d, dec\u00eda Carlo. Y Pier Giorgio: \u201cSi tienes a Dios como centro de todas tus acciones, entonces llegar\u00e1s hasta el final\u201d. Esta es la f\u00f3rmula, sencilla pero segura, de su santidad. Y es tambi\u00e9n el testimonio que estamos llamados a imitar para disfrutar la vida al m\u00e1ximo e ir al encuentro del Se\u00f1or en la fiesta del cielo\u00bb.<\/i><\/p>\n<\/blockquote>\n<\/div>\n<\/div>\n","protected":false},"excerpt":{"rendered":"<p>Este 7 de septiembre, en la Plaza de San Pedro, el Santo Padre presidi\u00f3 la celebraci\u00f3n Eucar\u00edstica con el rito de canonizaci\u00f3n de los Beatos Carlo Acutis y Pier Giorgio Frassati. Vatican News\/ESNE \u201cLos santos Pier Giorgio Frassati y Carlo Acutis son una invitaci\u00f3n para todos nosotros, sobre todo para los j\u00f3venes, a no malgastar [&hellip;]<\/p>\n","protected":false},"author":129,"featured_media":1275,"comment_status":"closed","ping_status":"closed","sticky":false,"template":"","format":"standard","meta":{"ocean_post_layout":"","ocean_both_sidebars_style":"","ocean_both_sidebars_content_width":0,"ocean_both_sidebars_sidebars_width":0,"ocean_sidebar":"","ocean_second_sidebar":"","ocean_disable_margins":"enable","ocean_add_body_class":"","ocean_shortcode_before_top_bar":"","ocean_shortcode_after_top_bar":"","ocean_shortcode_before_header":"","ocean_shortcode_after_header":"","ocean_has_shortcode":"","ocean_shortcode_after_title":"","ocean_shortcode_before_footer_widgets":"","ocean_shortcode_after_footer_widgets":"","ocean_shortcode_before_footer_bottom":"","ocean_shortcode_after_footer_bottom":"","ocean_display_top_bar":"default","ocean_display_header":"default","ocean_header_style":"","ocean_center_header_left_menu":"","ocean_custom_header_template":"","ocean_custom_logo":0,"ocean_custom_retina_logo":0,"ocean_custom_logo_max_width":0,"ocean_custom_logo_tablet_max_width":0,"ocean_custom_logo_mobile_max_width":0,"ocean_custom_logo_max_height":0,"ocean_custom_logo_tablet_max_height":0,"ocean_custom_logo_mobile_max_height":0,"ocean_header_custom_menu":"","ocean_menu_typo_font_family":"","ocean_menu_typo_font_subset":"","ocean_menu_typo_font_size":0,"ocean_menu_typo_font_size_tablet":0,"ocean_menu_typo_font_size_mobile":0,"ocean_menu_typo_font_size_unit":"px","ocean_menu_typo_font_weight":"","ocean_menu_typo_font_weight_tablet":"","ocean_menu_typo_font_weight_mobile":"","ocean_menu_typo_transform":"","ocean_menu_typo_transform_tablet":"","ocean_menu_typo_transform_mobile":"","ocean_menu_typo_line_height":0,"ocean_menu_typo_line_height_tablet":0,"ocean_menu_typo_line_height_mobile":0,"ocean_menu_typo_line_height_unit":"","ocean_menu_typo_spacing":0,"ocean_menu_typo_spacing_tablet":0,"ocean_menu_typo_spacing_mobile":0,"ocean_menu_typo_spacing_unit":"","ocean_menu_link_color":"","ocean_menu_link_color_hover":"","ocean_menu_link_color_active":"","ocean_menu_link_background":"","ocean_menu_link_hover_background":"","ocean_menu_link_active_background":"","ocean_menu_social_links_bg":"","ocean_menu_social_hover_links_bg":"","ocean_menu_social_links_color":"","ocean_menu_social_hover_links_color":"","ocean_disable_title":"default","ocean_disable_heading":"default","ocean_post_title":"","ocean_post_subheading":"","ocean_post_title_style":"","ocean_post_title_background_color":"","ocean_post_title_background":0,"ocean_post_title_bg_image_position":"","ocean_post_title_bg_image_attachment":"","ocean_post_title_bg_image_repeat":"","ocean_post_title_bg_image_size":"","ocean_post_title_height":0,"ocean_post_title_bg_overlay":0.5,"ocean_post_title_bg_overlay_color":"","ocean_disable_breadcrumbs":"default","ocean_breadcrumbs_color":"","ocean_breadcrumbs_separator_color":"","ocean_breadcrumbs_links_color":"","ocean_breadcrumbs_links_hover_color":"","ocean_display_footer_widgets":"default","ocean_display_footer_bottom":"default","ocean_custom_footer_template":"","ocean_post_oembed":"","ocean_post_self_hosted_media":"","ocean_post_video_embed":"","ocean_link_format":"","ocean_link_format_target":"self","ocean_quote_format":"","ocean_quote_format_link":"post","ocean_gallery_link_images":"on","ocean_gallery_id":[],"footnotes":""},"categories":[5],"tags":[],"class_list":["post-1274","post","type-post","status-publish","format-standard","has-post-thumbnail","hentry","category-el-vaticano","entry","has-media"],"publishpress_future_action":{"enabled":false,"date":"2026-05-05 02:40:52","action":"change-status","newStatus":"draft","terms":[],"taxonomy":"category","extraData":[]},"publishpress_future_workflow_manual_trigger":{"enabledWorkflows":[]},"_links":{"self":[{"href":"https:\/\/elsembradorministries.com\/esne\/desde-el-vaticano\/wp-json\/wp\/v2\/posts\/1274","targetHints":{"allow":["GET"]}}],"collection":[{"href":"https:\/\/elsembradorministries.com\/esne\/desde-el-vaticano\/wp-json\/wp\/v2\/posts"}],"about":[{"href":"https:\/\/elsembradorministries.com\/esne\/desde-el-vaticano\/wp-json\/wp\/v2\/types\/post"}],"author":[{"embeddable":true,"href":"https:\/\/elsembradorministries.com\/esne\/desde-el-vaticano\/wp-json\/wp\/v2\/users\/129"}],"replies":[{"embeddable":true,"href":"https:\/\/elsembradorministries.com\/esne\/desde-el-vaticano\/wp-json\/wp\/v2\/comments?post=1274"}],"version-history":[{"count":1,"href":"https:\/\/elsembradorministries.com\/esne\/desde-el-vaticano\/wp-json\/wp\/v2\/posts\/1274\/revisions"}],"predecessor-version":[{"id":1276,"href":"https:\/\/elsembradorministries.com\/esne\/desde-el-vaticano\/wp-json\/wp\/v2\/posts\/1274\/revisions\/1276"}],"wp:featuredmedia":[{"embeddable":true,"href":"https:\/\/elsembradorministries.com\/esne\/desde-el-vaticano\/wp-json\/wp\/v2\/media\/1275"}],"wp:attachment":[{"href":"https:\/\/elsembradorministries.com\/esne\/desde-el-vaticano\/wp-json\/wp\/v2\/media?parent=1274"}],"wp:term":[{"taxonomy":"category","embeddable":true,"href":"https:\/\/elsembradorministries.com\/esne\/desde-el-vaticano\/wp-json\/wp\/v2\/categories?post=1274"},{"taxonomy":"post_tag","embeddable":true,"href":"https:\/\/elsembradorministries.com\/esne\/desde-el-vaticano\/wp-json\/wp\/v2\/tags?post=1274"}],"curies":[{"name":"wp","href":"https:\/\/api.w.org\/{rel}","templated":true}]}}