{"id":1279,"date":"2025-09-12T12:44:09","date_gmt":"2025-09-12T12:44:09","guid":{"rendered":"https:\/\/elsembradorministries.com\/esne\/desde-el-vaticano\/?p=1279"},"modified":"2025-09-12T12:44:09","modified_gmt":"2025-09-12T12:44:09","slug":"el-obispo-un-siervo-que-anuncia-el-evangelio-con-valentia-papa-leon-xiv","status":"publish","type":"post","link":"https:\/\/elsembradorministries.com\/esne\/desde-el-vaticano\/el-obispo-un-siervo-que-anuncia-el-evangelio-con-valentia-papa-leon-xiv\/","title":{"rendered":"El Obispo, un siervo que anuncia el Evangelio con valent\u00eda: Papa Le\u00f3n XIV"},"content":{"rendered":"<p>Al recibir en Roma a los Obispos ordenados en el \u00faltimo a\u00f1o que participan en los dos cursos de formaci\u00f3n en el Vaticano, Le\u00f3n XIV recuerda los numerosos desaf\u00edos culturales y sociales que enfrentan los nuevos Obispos: la guerra y la violencia, el sufrimiento de los pobres, la aspiraci\u00f3n a un mundo m\u00e1s fraterno y solidario, el valor de la vida.<\/p>\n<p style=\"text-align: right\">Vatican News\/ESNE<\/p>\n<p>Un clima de di\u00e1logo caracteriza la audiencia del Papa hoy, 11 de septiembre, en el Aula del S\u00ednodo, con los Obispos ordenados en el \u00faltimo a\u00f1o y aquellos que sirven en pa\u00edses de misi\u00f3n. El Papa Le\u00f3n XIV habla en ingl\u00e9s e italiano, bromea sobre su voz antes de cantar el\u00a0<i>&#8220;Veni Creator&#8221;<\/i>\u00a0y tambi\u00e9n reflexiona sobre la sensaci\u00f3n de asombro que a\u00fan siente cuatro meses despu\u00e9s de su elecci\u00f3n. &#8220;Pensaba \u2013 enfatiza \u2013 que yo tambi\u00e9n llegar\u00eda a este curso vestido de negro&#8221;.<\/p>\n<p>Le\u00f3n XIV se dirigi\u00f3 a 192 Obispos de los cinco continentes. Desde el 3 de septiembre, participan en cursos de formaci\u00f3n promovidos por el Dicasterio para la Evangelizaci\u00f3n y el Dicasterio para los Obispos. Las palabras del Pont\u00edfice giran en torno a la identidad del Obispo. El Papa expresa sus propios pensamientos y los de los elegidos. \u00abQuiz\u00e1s algunos de ustedes todav\u00eda se pregunten: &#8216;\u00bfC\u00f3mo fue que me eligieron?&#8217;. Yo, al menos, me lo pregunto\u00bb.<\/p>\n<h4><b>Siervos de Dios y del pueblo<\/b><\/h4>\n<blockquote>\n<p><i>\u201cAnte todo, quisiera recordarles algo tan simple como imperceptible: el don que han recibido no es para ustedes mismos, sino para servir a la causa del Evangelio. El Obispo es un siervo; el Obispo est\u00e1 llamado a servir a la fe del pueblo\u201d.<\/i><\/p>\n<\/blockquote>\n<p>Esta es la primera indicaci\u00f3n del Papa, recordando cu\u00e1n necesario es ser heraldos del Evangelio: \u00ablibertad interior, pobreza de esp\u00edritu y una disposici\u00f3n al servicio nacida del amor, para encarnar la elecci\u00f3n misma de Jes\u00fas\u00bb.<\/p>\n<p>Un servicio humilde, por lo tanto, de proximidad, porque, citando de nuevo al Papa Francisco, la cercan\u00eda al pueblo se logra \u00aba trav\u00e9s de nuestras manos abiertas que acarician y consuelan; a trav\u00e9s de nuestras palabras, dirigidas para ungir al mundo con el Evangelio y no a trav\u00e9s de nosotros mismos; a trav\u00e9s de nuestros corazones, cuando est\u00e1n cargados con las angustias y las alegr\u00edas de nuestros hermanos\u00bb.<\/p>\n<blockquote>\n<p><i>\u201cPor importante y necesario que sea, la mera conciencia de que nuestro ministerio se basa en un esp\u00edritu de servicio, a imagen de Cristo, no es suficiente. De hecho, tambi\u00e9n debe traducirse en el estilo del apostolado, en las diversas formas de pastoral y gobierno, en el anhelo de anuncio, de maneras tan diversas y creativas como las situaciones espec\u00edficas que enfrentan\u201d.<\/i><\/p>\n<\/blockquote>\n<p>La mirada del Papa se dirige entonces al presente, que nos invita a observar; un presente marcado por la crisis de fe, por las dificultades para transmitirla; realidades que \u00abnos invitan\u00bb, afirma, \u00aba redescubrir la pasi\u00f3n y la valent\u00eda para un nuevo anuncio del Evangelio\u00bb. No debemos olvidar a quienes est\u00e1n alejados de la fe, pero tienen sed de espiritualidad, a quienes llaman a las puertas de la Iglesia y, sin embargo, \u00aba veces no encuentran el lenguaje ni la forma adecuados en las propuestas pastorales habituales\u00bb.<\/p>\n<p>Para el Papa Le\u00f3n, la misi\u00f3n de la Iglesia es clara: una Iglesia atenta, cercana, dispuesta a acoger el dolor y las alegr\u00edas de tantos.<\/p>\n<blockquote>\n<p><i>\u201cLa Iglesia os env\u00eda como pastores atentos y sol\u00edcitos, que saben compartir el camino, las preguntas, las angustias y las esperanzas del pueblo; pastores que desean ser gu\u00edas, padres y hermanos de los sacerdotes y de nuestros hermanos en la fe\u201d.<\/i><\/p>\n<\/blockquote>\n<p>El Pont\u00edfice concluye orando para que \u00abno falte el viento del Esp\u00edritu, y que la alegr\u00eda de su ordenaci\u00f3n, como una suave fragancia, se extienda tambi\u00e9n a quienes ir\u00e1n a servir\u00bb.<\/p>\n","protected":false},"excerpt":{"rendered":"<p>Al recibir en Roma a los Obispos ordenados en el \u00faltimo a\u00f1o que participan en los dos cursos de formaci\u00f3n en el Vaticano, Le\u00f3n XIV recuerda los numerosos desaf\u00edos culturales y sociales que enfrentan los nuevos Obispos: la guerra y la violencia, el sufrimiento de los pobres, la aspiraci\u00f3n a un mundo m\u00e1s fraterno y [&hellip;]<\/p>\n","protected":false},"author":129,"featured_media":1280,"comment_status":"closed","ping_status":"closed","sticky":false,"template":"","format":"standard","meta":{"ocean_post_layout":"","ocean_both_sidebars_style":"","ocean_both_sidebars_content_width":0,"ocean_both_sidebars_sidebars_width":0,"ocean_sidebar":"","ocean_second_sidebar":"","ocean_disable_margins":"enable","ocean_add_body_class":"","ocean_shortcode_before_top_bar":"","ocean_shortcode_after_top_bar":"","ocean_shortcode_before_header":"","ocean_shortcode_after_header":"","ocean_has_shortcode":"","ocean_shortcode_after_title":"","ocean_shortcode_before_footer_widgets":"","ocean_shortcode_after_footer_widgets":"","ocean_shortcode_before_footer_bottom":"","ocean_shortcode_after_footer_bottom":"","ocean_display_top_bar":"default","ocean_display_header":"default","ocean_header_style":"","ocean_center_header_left_menu":"","ocean_custom_header_template":"","ocean_custom_logo":0,"ocean_custom_retina_logo":0,"ocean_custom_logo_max_width":0,"ocean_custom_logo_tablet_max_width":0,"ocean_custom_logo_mobile_max_width":0,"ocean_custom_logo_max_height":0,"ocean_custom_logo_tablet_max_height":0,"ocean_custom_logo_mobile_max_height":0,"ocean_header_custom_menu":"","ocean_menu_typo_font_family":"","ocean_menu_typo_font_subset":"","ocean_menu_typo_font_size":0,"ocean_menu_typo_font_size_tablet":0,"ocean_menu_typo_font_size_mobile":0,"ocean_menu_typo_font_size_unit":"px","ocean_menu_typo_font_weight":"","ocean_menu_typo_font_weight_tablet":"","ocean_menu_typo_font_weight_mobile":"","ocean_menu_typo_transform":"","ocean_menu_typo_transform_tablet":"","ocean_menu_typo_transform_mobile":"","ocean_menu_typo_line_height":0,"ocean_menu_typo_line_height_tablet":0,"ocean_menu_typo_line_height_mobile":0,"ocean_menu_typo_line_height_unit":"","ocean_menu_typo_spacing":0,"ocean_menu_typo_spacing_tablet":0,"ocean_menu_typo_spacing_mobile":0,"ocean_menu_typo_spacing_unit":"","ocean_menu_link_color":"","ocean_menu_link_color_hover":"","ocean_menu_link_color_active":"","ocean_menu_link_background":"","ocean_menu_link_hover_background":"","ocean_menu_link_active_background":"","ocean_menu_social_links_bg":"","ocean_menu_social_hover_links_bg":"","ocean_menu_social_links_color":"","ocean_menu_social_hover_links_color":"","ocean_disable_title":"default","ocean_disable_heading":"default","ocean_post_title":"","ocean_post_subheading":"","ocean_post_title_style":"","ocean_post_title_background_color":"","ocean_post_title_background":0,"ocean_post_title_bg_image_position":"","ocean_post_title_bg_image_attachment":"","ocean_post_title_bg_image_repeat":"","ocean_post_title_bg_image_size":"","ocean_post_title_height":0,"ocean_post_title_bg_overlay":0.5,"ocean_post_title_bg_overlay_color":"","ocean_disable_breadcrumbs":"default","ocean_breadcrumbs_color":"","ocean_breadcrumbs_separator_color":"","ocean_breadcrumbs_links_color":"","ocean_breadcrumbs_links_hover_color":"","ocean_display_footer_widgets":"default","ocean_display_footer_bottom":"default","ocean_custom_footer_template":"","ocean_post_oembed":"","ocean_post_self_hosted_media":"","ocean_post_video_embed":"","ocean_link_format":"","ocean_link_format_target":"self","ocean_quote_format":"","ocean_quote_format_link":"post","ocean_gallery_link_images":"on","ocean_gallery_id":[],"footnotes":""},"categories":[5],"tags":[],"class_list":["post-1279","post","type-post","status-publish","format-standard","has-post-thumbnail","hentry","category-el-vaticano","entry","has-media"],"publishpress_future_action":{"enabled":false,"date":"2026-05-05 02:31:56","action":"change-status","newStatus":"draft","terms":[],"taxonomy":"category","extraData":[]},"publishpress_future_workflow_manual_trigger":{"enabledWorkflows":[]},"_links":{"self":[{"href":"https:\/\/elsembradorministries.com\/esne\/desde-el-vaticano\/wp-json\/wp\/v2\/posts\/1279","targetHints":{"allow":["GET"]}}],"collection":[{"href":"https:\/\/elsembradorministries.com\/esne\/desde-el-vaticano\/wp-json\/wp\/v2\/posts"}],"about":[{"href":"https:\/\/elsembradorministries.com\/esne\/desde-el-vaticano\/wp-json\/wp\/v2\/types\/post"}],"author":[{"embeddable":true,"href":"https:\/\/elsembradorministries.com\/esne\/desde-el-vaticano\/wp-json\/wp\/v2\/users\/129"}],"replies":[{"embeddable":true,"href":"https:\/\/elsembradorministries.com\/esne\/desde-el-vaticano\/wp-json\/wp\/v2\/comments?post=1279"}],"version-history":[{"count":1,"href":"https:\/\/elsembradorministries.com\/esne\/desde-el-vaticano\/wp-json\/wp\/v2\/posts\/1279\/revisions"}],"predecessor-version":[{"id":1281,"href":"https:\/\/elsembradorministries.com\/esne\/desde-el-vaticano\/wp-json\/wp\/v2\/posts\/1279\/revisions\/1281"}],"wp:featuredmedia":[{"embeddable":true,"href":"https:\/\/elsembradorministries.com\/esne\/desde-el-vaticano\/wp-json\/wp\/v2\/media\/1280"}],"wp:attachment":[{"href":"https:\/\/elsembradorministries.com\/esne\/desde-el-vaticano\/wp-json\/wp\/v2\/media?parent=1279"}],"wp:term":[{"taxonomy":"category","embeddable":true,"href":"https:\/\/elsembradorministries.com\/esne\/desde-el-vaticano\/wp-json\/wp\/v2\/categories?post=1279"},{"taxonomy":"post_tag","embeddable":true,"href":"https:\/\/elsembradorministries.com\/esne\/desde-el-vaticano\/wp-json\/wp\/v2\/tags?post=1279"}],"curies":[{"name":"wp","href":"https:\/\/api.w.org\/{rel}","templated":true}]}}