{"id":1364,"date":"2025-12-06T15:49:31","date_gmt":"2025-12-06T15:49:31","guid":{"rendered":"https:\/\/elsembradorministries.com\/esne\/desde-el-vaticano\/?p=1364"},"modified":"2025-12-06T15:49:31","modified_gmt":"2025-12-06T15:49:31","slug":"leon-xiv-jesus-nos-revela-un-dios-que-nos-involucra-en-lo-cotidiano","status":"publish","type":"post","link":"https:\/\/elsembradorministries.com\/esne\/desde-el-vaticano\/leon-xiv-jesus-nos-revela-un-dios-que-nos-involucra-en-lo-cotidiano\/","title":{"rendered":"Le\u00f3n XIV: Jes\u00fas nos revela un Dios que nos involucra en lo cotidiano"},"content":{"rendered":"<p>El Papa Le\u00f3n XIV record\u00f3 que el Adviento no es una espera pasiva, sino un tiempo para participar activamente en la historia de Dios. En su catequesis, subray\u00f3 que la fe se vive en lo cotidiano y llam\u00f3 a los fieles a servir a los m\u00e1s necesitados, siguiendo el ejemplo de Alberto Marvelli, joven italiano que dedic\u00f3 su vida al pr\u00f3jimo. En el adviento recordamos la primera venida de Jes\u00fas, el Dios con nosotros, para aprender a reconocerlo.<\/p>\n<p>ESNE\/Vatican News<\/p>\n<p>En su catequesis de esta ma\u00f1ana, en el marco del Jubileo de la Esperanza, el Papa Le\u00f3n XIV destac\u00f3 que el tiempo de Adviento no es un per\u00edodo de espera pasiva, sino una invitaci\u00f3n a participar activamente en la historia de Dios. Recordando la primera venida de Jes\u00fas y prepar\u00e1ndonos para su regreso, el Pont\u00edfice subray\u00f3 que la Navidad nos revela un Dios que nos involucra: \u201cEsperar significa participar\u201d, afirm\u00f3.<\/p>\n<div>\n<div class=\"article__embed article__embed--border embed_style\">\n<blockquote>\n<p>\u201cEntonces estaremos juntos para siempre: con \u00c9l, con todos nuestros hermanos y hermanas, y con toda criatura, en un mundo finalmente redimido: la nueva creaci\u00f3n.\u201d<\/p>\n<\/blockquote>\n<\/div>\n<\/div>\n<div>\n<div class=\"article__embed article__embed--unwrap article__embed--photo\">\n<figure><\/figure>\n<\/div>\n<h4>Dios est\u00e1 en lo cotidiano<\/h4>\n<p>El Papa explic\u00f3 que Dios se manifiesta en lo cotidiano y que los laicos tienen un papel central en reconocer su presencia y actuar con fe en medio del mundo. \u201cNo se trata de mirar desde fuera, sino de involucrarse en la vida, en los problemas y en las bellezas del mundo\u201d, dijo Le\u00f3n XIV.<\/p>\n<div>\n<div class=\"article__embed article__embed--border embed_style\">\n<blockquote>\n<p>\u201cLa Navidad de Jes\u00fas nos revela un Dios que nos involucra: Mar\u00eda, Jos\u00e9, los pastores, Sime\u00f3n, Ana, y m\u00e1s adelante Juan Bautista, los disc\u00edpulos y todos los que encuentran al Se\u00f1or son llamados a participar. Es un gran honor, \u00a1y qu\u00e9 v\u00e9rtigo! Dios nos involucra en su historia, en sus sue\u00f1os\u201d.<\/p>\n<\/blockquote>\n<p>El Papa invit\u00f3 a los fieles a reflexionar: \u00bfEstamos poniendo nuestros talentos al servicio del bien? \u00bfActuamos con la perspectiva del Reino de Dios o solo nos quejamos? \u201cUna sonrisa puede ser signo de la gracia que habita en nosotros\u201d, concluy\u00f3.<\/p>\n<div>\n<div class=\"article__embed article__embed--border embed_style\">\n<blockquote>\n<p>\u201cEl lema del Jubileo, \u201cPeregrinos de esperanza\u201d, no es un simple eslogan; es un programa de vida: significa caminar y esperar, no con las manos cruzadas, sino participando.\u201d<\/p>\n<\/blockquote>\n<\/div>\n<p>Le\u00f3n XIV record\u00f3 que nadie salva al mundo solo, ni siquiera Dios. La verdadera esperanza del Adviento se vive participando juntos, caminando como \u201cperegrinos de esperanza\u201d hasta el regreso definitivo de Jes\u00fas.<\/p>\n<\/div>\n<\/div>\n<\/div>\n<div>\n<div class=\"article__embed article__embed--unwrap article__embed--photo\">\n<figure><\/figure>\n<\/div>\n<\/div>\n<\/div>\n","protected":false},"excerpt":{"rendered":"<p>El Papa Le\u00f3n XIV record\u00f3 que el Adviento no es una espera pasiva, sino un tiempo para participar activamente en la historia de Dios. En su catequesis, subray\u00f3 que la fe se vive en lo cotidiano y llam\u00f3 a los fieles a servir a los m\u00e1s necesitados, siguiendo el ejemplo de Alberto Marvelli, joven italiano [&hellip;]<\/p>\n","protected":false},"author":129,"featured_media":1365,"comment_status":"closed","ping_status":"closed","sticky":false,"template":"","format":"standard","meta":{"ocean_post_layout":"","ocean_both_sidebars_style":"","ocean_both_sidebars_content_width":0,"ocean_both_sidebars_sidebars_width":0,"ocean_sidebar":"","ocean_second_sidebar":"","ocean_disable_margins":"enable","ocean_add_body_class":"","ocean_shortcode_before_top_bar":"","ocean_shortcode_after_top_bar":"","ocean_shortcode_before_header":"","ocean_shortcode_after_header":"","ocean_has_shortcode":"","ocean_shortcode_after_title":"","ocean_shortcode_before_footer_widgets":"","ocean_shortcode_after_footer_widgets":"","ocean_shortcode_before_footer_bottom":"","ocean_shortcode_after_footer_bottom":"","ocean_display_top_bar":"default","ocean_display_header":"default","ocean_header_style":"","ocean_center_header_left_menu":"","ocean_custom_header_template":"","ocean_custom_logo":0,"ocean_custom_retina_logo":0,"ocean_custom_logo_max_width":0,"ocean_custom_logo_tablet_max_width":0,"ocean_custom_logo_mobile_max_width":0,"ocean_custom_logo_max_height":0,"ocean_custom_logo_tablet_max_height":0,"ocean_custom_logo_mobile_max_height":0,"ocean_header_custom_menu":"","ocean_menu_typo_font_family":"","ocean_menu_typo_font_subset":"","ocean_menu_typo_font_size":0,"ocean_menu_typo_font_size_tablet":0,"ocean_menu_typo_font_size_mobile":0,"ocean_menu_typo_font_size_unit":"px","ocean_menu_typo_font_weight":"","ocean_menu_typo_font_weight_tablet":"","ocean_menu_typo_font_weight_mobile":"","ocean_menu_typo_transform":"","ocean_menu_typo_transform_tablet":"","ocean_menu_typo_transform_mobile":"","ocean_menu_typo_line_height":0,"ocean_menu_typo_line_height_tablet":0,"ocean_menu_typo_line_height_mobile":0,"ocean_menu_typo_line_height_unit":"","ocean_menu_typo_spacing":0,"ocean_menu_typo_spacing_tablet":0,"ocean_menu_typo_spacing_mobile":0,"ocean_menu_typo_spacing_unit":"","ocean_menu_link_color":"","ocean_menu_link_color_hover":"","ocean_menu_link_color_active":"","ocean_menu_link_background":"","ocean_menu_link_hover_background":"","ocean_menu_link_active_background":"","ocean_menu_social_links_bg":"","ocean_menu_social_hover_links_bg":"","ocean_menu_social_links_color":"","ocean_menu_social_hover_links_color":"","ocean_disable_title":"default","ocean_disable_heading":"default","ocean_post_title":"","ocean_post_subheading":"","ocean_post_title_style":"","ocean_post_title_background_color":"","ocean_post_title_background":0,"ocean_post_title_bg_image_position":"","ocean_post_title_bg_image_attachment":"","ocean_post_title_bg_image_repeat":"","ocean_post_title_bg_image_size":"","ocean_post_title_height":0,"ocean_post_title_bg_overlay":0.5,"ocean_post_title_bg_overlay_color":"","ocean_disable_breadcrumbs":"default","ocean_breadcrumbs_color":"","ocean_breadcrumbs_separator_color":"","ocean_breadcrumbs_links_color":"","ocean_breadcrumbs_links_hover_color":"","ocean_display_footer_widgets":"default","ocean_display_footer_bottom":"default","ocean_custom_footer_template":"","ocean_post_oembed":"","ocean_post_self_hosted_media":"","ocean_post_video_embed":"","ocean_link_format":"","ocean_link_format_target":"self","ocean_quote_format":"","ocean_quote_format_link":"post","ocean_gallery_link_images":"on","ocean_gallery_id":[],"footnotes":""},"categories":[4],"tags":[],"class_list":["post-1364","post","type-post","status-publish","format-standard","has-post-thumbnail","hentry","category-audiencias-papales","entry","has-media"],"publishpress_future_action":{"enabled":false,"date":"2026-05-07 10:48:45","action":"change-status","newStatus":"draft","terms":[],"taxonomy":"category","extraData":[]},"publishpress_future_workflow_manual_trigger":{"enabledWorkflows":[]},"_links":{"self":[{"href":"https:\/\/elsembradorministries.com\/esne\/desde-el-vaticano\/wp-json\/wp\/v2\/posts\/1364","targetHints":{"allow":["GET"]}}],"collection":[{"href":"https:\/\/elsembradorministries.com\/esne\/desde-el-vaticano\/wp-json\/wp\/v2\/posts"}],"about":[{"href":"https:\/\/elsembradorministries.com\/esne\/desde-el-vaticano\/wp-json\/wp\/v2\/types\/post"}],"author":[{"embeddable":true,"href":"https:\/\/elsembradorministries.com\/esne\/desde-el-vaticano\/wp-json\/wp\/v2\/users\/129"}],"replies":[{"embeddable":true,"href":"https:\/\/elsembradorministries.com\/esne\/desde-el-vaticano\/wp-json\/wp\/v2\/comments?post=1364"}],"version-history":[{"count":1,"href":"https:\/\/elsembradorministries.com\/esne\/desde-el-vaticano\/wp-json\/wp\/v2\/posts\/1364\/revisions"}],"predecessor-version":[{"id":1366,"href":"https:\/\/elsembradorministries.com\/esne\/desde-el-vaticano\/wp-json\/wp\/v2\/posts\/1364\/revisions\/1366"}],"wp:featuredmedia":[{"embeddable":true,"href":"https:\/\/elsembradorministries.com\/esne\/desde-el-vaticano\/wp-json\/wp\/v2\/media\/1365"}],"wp:attachment":[{"href":"https:\/\/elsembradorministries.com\/esne\/desde-el-vaticano\/wp-json\/wp\/v2\/media?parent=1364"}],"wp:term":[{"taxonomy":"category","embeddable":true,"href":"https:\/\/elsembradorministries.com\/esne\/desde-el-vaticano\/wp-json\/wp\/v2\/categories?post=1364"},{"taxonomy":"post_tag","embeddable":true,"href":"https:\/\/elsembradorministries.com\/esne\/desde-el-vaticano\/wp-json\/wp\/v2\/tags?post=1364"}],"curies":[{"name":"wp","href":"https:\/\/api.w.org\/{rel}","templated":true}]}}