{"id":1375,"date":"2025-12-12T16:20:15","date_gmt":"2025-12-12T16:20:15","guid":{"rendered":"https:\/\/elsembradorministries.com\/esne\/desde-el-vaticano\/?p=1375"},"modified":"2025-12-12T16:20:15","modified_gmt":"2025-12-12T16:20:15","slug":"ensena-a-las-naciones-a-no-permitir-que-el-odio-marque-su-historia-papa-leon-xiv","status":"publish","type":"post","link":"https:\/\/elsembradorministries.com\/esne\/desde-el-vaticano\/ensena-a-las-naciones-a-no-permitir-que-el-odio-marque-su-historia-papa-leon-xiv\/","title":{"rendered":"Ense\u00f1a a las naciones a no permitir que el odio marque su historia: Papa Le\u00f3n XIV"},"content":{"rendered":"<div class=\"article__subTitle\">En su homil\u00eda durante la Santa Misa con ocasi\u00f3n de la Fiesta de la Bienaventurada Virgen Mar\u00eda de Guadalupe, que presidi\u00f3 esta tarde en la Bas\u00edlica de San Pedro, el Pont\u00edfice elev\u00f3 una s\u00faplica a la Virgen, encomend\u00e1ndole las naciones, los gobernantes, los j\u00f3venes, los que se han alejado de la Iglesia y las familias.<\/div>\n<div>\u00a0<\/div>\n<div>Vatican News\/ESNE<\/div>\n<div>\u00a0<\/div>\n<div>\n<p>\u201cEn medio de conflictos que no cesan, injusticias y dolores que buscan alivio, Mar\u00eda de Guadalupe proclama el n\u00facleo de su mensaje: \u00ab\u00bfAcaso no estoy yo aqu\u00ed que soy tu madre?\u00bb. Es la voz que hace resonar la promesa de la fidelidad divina, la presencia que sostiene cuando la vida se vuelve insoportable\u201d, recalc\u00f3 el Papa Le\u00f3n XIV en su homil\u00eda durante la Santa Misa con ocasi\u00f3n de la Fiesta de la Bienaventurada Virgen Mar\u00eda de Guadalupe, que presidi\u00f3 esta tarde en la Bas\u00edlica de San Pedro.<\/p>\n<p>\u201cS\u00ed, Madre, queremos ser aut\u00e9nticos hijos tuyos: dinos c\u00f3mo avanzar en la fe cuando las fuerzas decaen y crecen las sombras. Haznos comprender que contigo, incluso el invierno se convierte en tiempo de rosas\u201d, pidi\u00f3 el Pont\u00edfice, quien elev\u00f3 una s\u00faplica a la Virgen, encomend\u00e1ndole las naciones, los gobernantes, los j\u00f3venes, los que se han alejado de la Iglesia y las familias.<\/p>\n<p>\u201cComo hijo te pido: Madre, ense\u00f1a a las naciones que quieren ser hijas tuyas a no dividir el mundo en bandos irreconciliables, a no permitir que el odio marque su historia ni que la mentira escriba su memoria\u201d, dijo el Papa, pidi\u00e9ndole que les muestre que la autoridad \u201cha de ser ejercida como servicio y no como dominio\u201d, que instruya a sus gobernantes en su \u201cdeber de custodiar la dignidad de cada persona en todas las fases de su vida\u201d y que haga de esos pueblos \u201clugares donde cada persona pueda sentirse bienvenida\u201d.<\/p>\n<p>El Papa le rog\u00f3 a Mar\u00eda que fortalezca a las familias para que, siguiendo su ejemplo, los padres \u201ceduquen con ternura y firmeza, de modo que cada hogar sea escuela de fe\u201d, que inspire a quienes forman mentes y corazones para que \u201ctransmitan la verdad con la dulzura, precisi\u00f3n, y claridad que nace del Evangelio\u201d, y que aliente a los que su Hijo \u201cha llamado a seguirlo m\u00e1s de cerca: \u201cSost\u00e9n al clero y a la vida consagrada en la fidelidad diaria y renueva su amor primero. Guarda su interioridad en la oraci\u00f3n, prot\u00e9gelos en la tentaci\u00f3n, an\u00edmalos en el cansancio y socorre a los abatidos\u201d.<\/p>\n<p>\u201cVirgen Santa, que, como t\u00fa, conservemos el Evangelio en nuestro coraz\u00f3n. Ay\u00fadanos a comprender que, aunque destinatarios, no somos due\u00f1os de este mensaje, sino que, como san Juan Diego, somos sus simples servidores\u201d, le pidi\u00f3 Le\u00f3n XIV, quien concluy\u00f3 su homil\u00eda encomend\u00e1ndole su ministerio,\u00a0 para que \u201cconfirme en el \u00fanico camino que conduce al Fruto bendito\u201d de su vientre, a cuantos le fueron confiados: \u201cRecuerda a este hijo tuyo, \u00aba quien Cristo confi\u00f3\u00a0<i>las llaves del Reino de los cielos<\/i>\u00a0para el bien de todos\u00bb, que esas llaves sirvan \u00ab<i>para atar y desatar<\/i>\u00a0y para redimir toda miseria humana\u00bb\u201d.<\/p>\n<\/div>\n","protected":false},"excerpt":{"rendered":"<p>En su homil\u00eda durante la Santa Misa con ocasi\u00f3n de la Fiesta de la Bienaventurada Virgen Mar\u00eda de Guadalupe, que presidi\u00f3 esta tarde en la Bas\u00edlica de San Pedro, el Pont\u00edfice elev\u00f3 una s\u00faplica a la Virgen, encomend\u00e1ndole las naciones, los gobernantes, los j\u00f3venes, los que se han alejado de la Iglesia y las familias. [&hellip;]<\/p>\n","protected":false},"author":129,"featured_media":1376,"comment_status":"closed","ping_status":"closed","sticky":false,"template":"","format":"standard","meta":{"ocean_post_layout":"","ocean_both_sidebars_style":"","ocean_both_sidebars_content_width":0,"ocean_both_sidebars_sidebars_width":0,"ocean_sidebar":"","ocean_second_sidebar":"","ocean_disable_margins":"enable","ocean_add_body_class":"","ocean_shortcode_before_top_bar":"","ocean_shortcode_after_top_bar":"","ocean_shortcode_before_header":"","ocean_shortcode_after_header":"","ocean_has_shortcode":"","ocean_shortcode_after_title":"","ocean_shortcode_before_footer_widgets":"","ocean_shortcode_after_footer_widgets":"","ocean_shortcode_before_footer_bottom":"","ocean_shortcode_after_footer_bottom":"","ocean_display_top_bar":"default","ocean_display_header":"default","ocean_header_style":"","ocean_center_header_left_menu":"","ocean_custom_header_template":"","ocean_custom_logo":0,"ocean_custom_retina_logo":0,"ocean_custom_logo_max_width":0,"ocean_custom_logo_tablet_max_width":0,"ocean_custom_logo_mobile_max_width":0,"ocean_custom_logo_max_height":0,"ocean_custom_logo_tablet_max_height":0,"ocean_custom_logo_mobile_max_height":0,"ocean_header_custom_menu":"","ocean_menu_typo_font_family":"","ocean_menu_typo_font_subset":"","ocean_menu_typo_font_size":0,"ocean_menu_typo_font_size_tablet":0,"ocean_menu_typo_font_size_mobile":0,"ocean_menu_typo_font_size_unit":"px","ocean_menu_typo_font_weight":"","ocean_menu_typo_font_weight_tablet":"","ocean_menu_typo_font_weight_mobile":"","ocean_menu_typo_transform":"","ocean_menu_typo_transform_tablet":"","ocean_menu_typo_transform_mobile":"","ocean_menu_typo_line_height":0,"ocean_menu_typo_line_height_tablet":0,"ocean_menu_typo_line_height_mobile":0,"ocean_menu_typo_line_height_unit":"","ocean_menu_typo_spacing":0,"ocean_menu_typo_spacing_tablet":0,"ocean_menu_typo_spacing_mobile":0,"ocean_menu_typo_spacing_unit":"","ocean_menu_link_color":"","ocean_menu_link_color_hover":"","ocean_menu_link_color_active":"","ocean_menu_link_background":"","ocean_menu_link_hover_background":"","ocean_menu_link_active_background":"","ocean_menu_social_links_bg":"","ocean_menu_social_hover_links_bg":"","ocean_menu_social_links_color":"","ocean_menu_social_hover_links_color":"","ocean_disable_title":"default","ocean_disable_heading":"default","ocean_post_title":"","ocean_post_subheading":"","ocean_post_title_style":"","ocean_post_title_background_color":"","ocean_post_title_background":0,"ocean_post_title_bg_image_position":"","ocean_post_title_bg_image_attachment":"","ocean_post_title_bg_image_repeat":"","ocean_post_title_bg_image_size":"","ocean_post_title_height":0,"ocean_post_title_bg_overlay":0.5,"ocean_post_title_bg_overlay_color":"","ocean_disable_breadcrumbs":"default","ocean_breadcrumbs_color":"","ocean_breadcrumbs_separator_color":"","ocean_breadcrumbs_links_color":"","ocean_breadcrumbs_links_hover_color":"","ocean_display_footer_widgets":"default","ocean_display_footer_bottom":"default","ocean_custom_footer_template":"","ocean_post_oembed":"","ocean_post_self_hosted_media":"","ocean_post_video_embed":"","ocean_link_format":"","ocean_link_format_target":"self","ocean_quote_format":"","ocean_quote_format_link":"post","ocean_gallery_link_images":"on","ocean_gallery_id":[],"footnotes":""},"categories":[5],"tags":[],"class_list":["post-1375","post","type-post","status-publish","format-standard","has-post-thumbnail","hentry","category-el-vaticano","entry","has-media"],"publishpress_future_action":{"enabled":false,"date":"2026-05-07 11:03:40","action":"change-status","newStatus":"draft","terms":[],"taxonomy":"category","extraData":[]},"publishpress_future_workflow_manual_trigger":{"enabledWorkflows":[]},"_links":{"self":[{"href":"https:\/\/elsembradorministries.com\/esne\/desde-el-vaticano\/wp-json\/wp\/v2\/posts\/1375","targetHints":{"allow":["GET"]}}],"collection":[{"href":"https:\/\/elsembradorministries.com\/esne\/desde-el-vaticano\/wp-json\/wp\/v2\/posts"}],"about":[{"href":"https:\/\/elsembradorministries.com\/esne\/desde-el-vaticano\/wp-json\/wp\/v2\/types\/post"}],"author":[{"embeddable":true,"href":"https:\/\/elsembradorministries.com\/esne\/desde-el-vaticano\/wp-json\/wp\/v2\/users\/129"}],"replies":[{"embeddable":true,"href":"https:\/\/elsembradorministries.com\/esne\/desde-el-vaticano\/wp-json\/wp\/v2\/comments?post=1375"}],"version-history":[{"count":1,"href":"https:\/\/elsembradorministries.com\/esne\/desde-el-vaticano\/wp-json\/wp\/v2\/posts\/1375\/revisions"}],"predecessor-version":[{"id":1377,"href":"https:\/\/elsembradorministries.com\/esne\/desde-el-vaticano\/wp-json\/wp\/v2\/posts\/1375\/revisions\/1377"}],"wp:featuredmedia":[{"embeddable":true,"href":"https:\/\/elsembradorministries.com\/esne\/desde-el-vaticano\/wp-json\/wp\/v2\/media\/1376"}],"wp:attachment":[{"href":"https:\/\/elsembradorministries.com\/esne\/desde-el-vaticano\/wp-json\/wp\/v2\/media?parent=1375"}],"wp:term":[{"taxonomy":"category","embeddable":true,"href":"https:\/\/elsembradorministries.com\/esne\/desde-el-vaticano\/wp-json\/wp\/v2\/categories?post=1375"},{"taxonomy":"post_tag","embeddable":true,"href":"https:\/\/elsembradorministries.com\/esne\/desde-el-vaticano\/wp-json\/wp\/v2\/tags?post=1375"}],"curies":[{"name":"wp","href":"https:\/\/api.w.org\/{rel}","templated":true}]}}