{"id":1419,"date":"2026-01-22T22:02:25","date_gmt":"2026-01-22T22:02:25","guid":{"rendered":"https:\/\/elsembradorministries.com\/esne\/desde-el-vaticano\/?p=1419"},"modified":"2026-01-22T22:02:25","modified_gmt":"2026-01-22T22:02:25","slug":"sera-beatificado-fray-augusto-ramirez-asesinado-por-odio-a-la-fe-en-guatemala","status":"publish","type":"post","link":"https:\/\/elsembradorministries.com\/esne\/desde-el-vaticano\/sera-beatificado-fray-augusto-ramirez-asesinado-por-odio-a-la-fe-en-guatemala\/","title":{"rendered":"Ser\u00e1 beatificado fray Augusto Ram\u00edrez: asesinado por odio a la fe en Guatemala"},"content":{"rendered":"<div class=\"article__subTitle\">Se ha reconocido el martirio del fraile menor guatemalteco Augusto Rafael Ram\u00edrez Monasterio y un milagro atribuido a la intercesi\u00f3n de la italiana Maria Ignazia Isacchi, fundadora de las Ursulinas del Sagrado Coraz\u00f3n de Jes\u00fas de Asola. Adem\u00e1s, desde hoy son venerables, por sus virtudes heroicas, tres religiosas y un laico.<\/div>\n<div class=\"title__separator\">\u00a0<\/div>\n<div class=\"article__text\">\n<p style=\"text-align: right\"><em><b>Vatican News\/ESNE<\/b><\/em><\/p>\n<p>Le\u00f3n XIV ha autorizado hoy, 22 de enero, durante la audiencia al cardenal Marcello Semeraro, prefecto del Dicasterio para las Causas de los Santos, la promulgaci\u00f3n de los decretos relativos al martirio de Augusto Rafael Ram\u00edrez Monasterio, sacerdote de la Orden de los Frailes Menores, y el reconocimiento de un milagro atribuido a la intercesi\u00f3n de \u00c1ngela Catalina Isacchi, fundadora de la Congregaci\u00f3n de las Ursulinas del Sagrado Coraz\u00f3n de Jes\u00fas de Asola, que por lo tanto ser\u00e1n beatificados; y las virtudes heroicas del laico Nerino Cobianchi, y de las religiosas Crocifissa Militerni, Mar\u00eda Giselda Villela y Mar\u00eda Tecla Antonia Relucenti, venerables desde hoy.<\/p>\n<h4>Augusto Rafael Ram\u00edrez Monasterio<\/h4>\n<p>Augusto Rafael Ram\u00edrez Monasterio naci\u00f3 en la ciudad de Guatemala el 5 de noviembre de 1937, en el seno de una numerosa y ferviente familia cat\u00f3lica. Tras cursar la ense\u00f1anza primaria en Guatemala, continu\u00f3 sus estudios en Nicaragua, en el Colegio Ser\u00e1fico de los Frailes Menores de Diriamba.<\/p>\n<p>Una vez madurada su vocaci\u00f3n religiosa, comenz\u00f3 el noviciado franciscano en Jumilla, Espa\u00f1a, donde, tras completar sus estudios de filosof\u00eda y teolog\u00eda, recibi\u00f3 la ordenaci\u00f3n sacerdotal el 18 de junio de 1967. De regreso a Nicaragua, se convirti\u00f3 en formador en el colegio donde hab\u00eda estudiado, y luego regres\u00f3 a Espa\u00f1a para completar sus estudios universitarios en Salamanca.<\/p>\n<p>En 1978 fue guardi\u00e1n y p\u00e1rroco de San Francisco el Grande en Antigua, Guatemala, y se dedic\u00f3 a la vida pastoral de la parroquia y a los pobres e indefensos, mientras el pa\u00eds se ve\u00eda desgarrado por la guerra civil. En 1964, con un golpe de Estado, los militares tomaron el poder e iniciaron una persecuci\u00f3n sistem\u00e1tica contra los grupos militantes de la izquierda pol\u00edtica, con el pretexto del temor al comunismo para justificar las acciones de fuerza y privar a los ciudadanos de sus derechos, de modo que la pastoral de la Iglesia cat\u00f3lica, movida y orientada por el mensaje evang\u00e9lico, y el compromiso de los sacerdotes y religiosos en favor de la promoci\u00f3n humana y la defensa de los derechos, se consideraban peligrosos y se tem\u00edan como c\u00f3mplices de la ideolog\u00eda marxista.<\/p>\n<p>Muchos presb\u00edteros que se hab\u00edan hecho cargo de la situaci\u00f3n de injusticia de los pobres hab\u00edan entrado, por ello, en conflicto con los intereses de los terratenientes y las multinacionales que apoyaban a los militares. Augusto Rafael, que hab\u00eda ayudado a un campesino que, tras unirse a la guerrilla armada, deseaba redimirse benefici\u00e1ndose de la amnist\u00eda concedida por el Gobierno, fue detenido el 2 de junio de 1983. Sufri\u00f3 torturas y luego fue puesto en libertad, pero se enfrent\u00f3 a un per\u00edodo de vigilancia especial y recibi\u00f3 numerosas amenazas de muerte, pero se mantuvo fiel a los valores evang\u00e9licos, que le hab\u00edan llevado a defender a los pobres y a los que sufr\u00edan injusticias, y al ministerio sacerdotal, que le impon\u00eda el secreto de confesi\u00f3n, a pesar de las violencias sufridas para que revelara lo que hab\u00eda o\u00eddo.\u00a0\u00a0<\/p>\n<p>El 7 de noviembre, capturado por unos militares, fue sometido de nuevo a torturas. Durante su traslado en un coche de la polic\u00eda especial a las afueras de la ciudad, intent\u00f3 escapar, pero los militares lo alcanzaron y lo mataron. Se consider\u00f3 que el odio a la fe fue la causa de su asesinato.<\/p>\n<p>Adem\u00e1s tambi\u00e9n ser\u00e1 beatificada Mar\u00eda Ignacia Isacchi fundadora del Instituto de las Hermanas Ursulinas del Sagrado Coraz\u00f3n de Jes\u00fas. A su intercesi\u00f3n se atribuy\u00f3, en 1950, la curaci\u00f3n milagrosa de la hermana Maria Assunta Zappella, osuna del Sagrado Coraz\u00f3n de Jes\u00fas, que sufr\u00eda fuertes dolores abdominales debido a una \u00abenterocolitis de probable naturaleza tuberculosa\u00bb. Al revelarse ineficaces las terapias m\u00e9dicas prescritas, la religiosa fue hospitalizada, pero su estado empeor\u00f3. Entonces, la hermana que la asist\u00eda le propuso comenzar una novena a la madre Mar\u00eda Ignacia, para implorar la curaci\u00f3n con la recitaci\u00f3n de una oraci\u00f3n compuesta por ella en 1943. El \u00faltimo d\u00eda de la novena, sor Mar\u00eda Asunta se sinti\u00f3 repentinamente bien y pidi\u00f3 comer y beber. Al d\u00eda siguiente, una radiograf\u00eda de t\u00f3rax revel\u00f3 la regresi\u00f3n de la enfermedad y los m\u00e9dicos que la atend\u00edan constataron una mejora repentina e inesperada, con un r\u00e1pido avance y la completa curaci\u00f3n unos d\u00edas despu\u00e9s.<\/p>\n<p>Tambi\u00e9n fueron reconocidas las virtudes heroicas de la\u00a0<b>Sierva de Dios Mar\u00eda Tecla Antonia Relucenti<\/b>, cofundadora de la Congregaci\u00f3n de las Hermanas P\u00edas Obreras de la Inmaculada Concepci\u00f3n, de la\u00a0<b>Sierva de Dios Crocifissa Militerni<\/b> (de nombre secular: Teresa), religiosa profesada de la Congregaci\u00f3n de las Hermanas de San Juan Bautista, de la\u00a0<b>Sierva de Dios Mar\u00eda Inmaculada de la Sant\u00edsima Trinidad<\/b> (en el siglo: Mar\u00eda Giselda Villela), fundadora del Carmelo de la Sagrada Familia de Pouso Alegre y del del\u00a0<b>Siervo de Dios Nerino Cobianchi<\/b>, fiel laico y padre de familia, nacido el 25 de junio de 1945 en Velezzo Lomellina (Italia).<\/p>\n<\/div>\n","protected":false},"excerpt":{"rendered":"<p>Se ha reconocido el martirio del fraile menor guatemalteco Augusto Rafael Ram\u00edrez Monasterio y un milagro atribuido a la intercesi\u00f3n de la italiana Maria Ignazia Isacchi, fundadora de las Ursulinas del Sagrado Coraz\u00f3n de Jes\u00fas de Asola. Adem\u00e1s, desde hoy son venerables, por sus virtudes heroicas, tres religiosas y un laico. \u00a0 Vatican News\/ESNE Le\u00f3n [&hellip;]<\/p>\n","protected":false},"author":129,"featured_media":1420,"comment_status":"closed","ping_status":"closed","sticky":false,"template":"","format":"standard","meta":{"ocean_post_layout":"","ocean_both_sidebars_style":"","ocean_both_sidebars_content_width":0,"ocean_both_sidebars_sidebars_width":0,"ocean_sidebar":"","ocean_second_sidebar":"","ocean_disable_margins":"enable","ocean_add_body_class":"","ocean_shortcode_before_top_bar":"","ocean_shortcode_after_top_bar":"","ocean_shortcode_before_header":"","ocean_shortcode_after_header":"","ocean_has_shortcode":"","ocean_shortcode_after_title":"","ocean_shortcode_before_footer_widgets":"","ocean_shortcode_after_footer_widgets":"","ocean_shortcode_before_footer_bottom":"","ocean_shortcode_after_footer_bottom":"","ocean_display_top_bar":"default","ocean_display_header":"default","ocean_header_style":"","ocean_center_header_left_menu":"","ocean_custom_header_template":"","ocean_custom_logo":0,"ocean_custom_retina_logo":0,"ocean_custom_logo_max_width":0,"ocean_custom_logo_tablet_max_width":0,"ocean_custom_logo_mobile_max_width":0,"ocean_custom_logo_max_height":0,"ocean_custom_logo_tablet_max_height":0,"ocean_custom_logo_mobile_max_height":0,"ocean_header_custom_menu":"","ocean_menu_typo_font_family":"","ocean_menu_typo_font_subset":"","ocean_menu_typo_font_size":0,"ocean_menu_typo_font_size_tablet":0,"ocean_menu_typo_font_size_mobile":0,"ocean_menu_typo_font_size_unit":"px","ocean_menu_typo_font_weight":"","ocean_menu_typo_font_weight_tablet":"","ocean_menu_typo_font_weight_mobile":"","ocean_menu_typo_transform":"","ocean_menu_typo_transform_tablet":"","ocean_menu_typo_transform_mobile":"","ocean_menu_typo_line_height":0,"ocean_menu_typo_line_height_tablet":0,"ocean_menu_typo_line_height_mobile":0,"ocean_menu_typo_line_height_unit":"","ocean_menu_typo_spacing":0,"ocean_menu_typo_spacing_tablet":0,"ocean_menu_typo_spacing_mobile":0,"ocean_menu_typo_spacing_unit":"","ocean_menu_link_color":"","ocean_menu_link_color_hover":"","ocean_menu_link_color_active":"","ocean_menu_link_background":"","ocean_menu_link_hover_background":"","ocean_menu_link_active_background":"","ocean_menu_social_links_bg":"","ocean_menu_social_hover_links_bg":"","ocean_menu_social_links_color":"","ocean_menu_social_hover_links_color":"","ocean_disable_title":"default","ocean_disable_heading":"default","ocean_post_title":"","ocean_post_subheading":"","ocean_post_title_style":"","ocean_post_title_background_color":"","ocean_post_title_background":0,"ocean_post_title_bg_image_position":"","ocean_post_title_bg_image_attachment":"","ocean_post_title_bg_image_repeat":"","ocean_post_title_bg_image_size":"","ocean_post_title_height":0,"ocean_post_title_bg_overlay":0.5,"ocean_post_title_bg_overlay_color":"","ocean_disable_breadcrumbs":"default","ocean_breadcrumbs_color":"","ocean_breadcrumbs_separator_color":"","ocean_breadcrumbs_links_color":"","ocean_breadcrumbs_links_hover_color":"","ocean_display_footer_widgets":"default","ocean_display_footer_bottom":"default","ocean_custom_footer_template":"","ocean_post_oembed":"","ocean_post_self_hosted_media":"","ocean_post_video_embed":"","ocean_link_format":"","ocean_link_format_target":"self","ocean_quote_format":"","ocean_quote_format_link":"post","ocean_gallery_link_images":"on","ocean_gallery_id":[],"footnotes":""},"categories":[56],"tags":[],"class_list":["post-1419","post","type-post","status-publish","format-standard","has-post-thumbnail","hentry","category-otra","entry","has-media"],"publishpress_future_action":{"enabled":false,"date":"2026-05-06 21:51:25","action":"change-status","newStatus":"draft","terms":[],"taxonomy":"category","extraData":[]},"publishpress_future_workflow_manual_trigger":{"enabledWorkflows":[]},"_links":{"self":[{"href":"https:\/\/elsembradorministries.com\/esne\/desde-el-vaticano\/wp-json\/wp\/v2\/posts\/1419","targetHints":{"allow":["GET"]}}],"collection":[{"href":"https:\/\/elsembradorministries.com\/esne\/desde-el-vaticano\/wp-json\/wp\/v2\/posts"}],"about":[{"href":"https:\/\/elsembradorministries.com\/esne\/desde-el-vaticano\/wp-json\/wp\/v2\/types\/post"}],"author":[{"embeddable":true,"href":"https:\/\/elsembradorministries.com\/esne\/desde-el-vaticano\/wp-json\/wp\/v2\/users\/129"}],"replies":[{"embeddable":true,"href":"https:\/\/elsembradorministries.com\/esne\/desde-el-vaticano\/wp-json\/wp\/v2\/comments?post=1419"}],"version-history":[{"count":1,"href":"https:\/\/elsembradorministries.com\/esne\/desde-el-vaticano\/wp-json\/wp\/v2\/posts\/1419\/revisions"}],"predecessor-version":[{"id":1421,"href":"https:\/\/elsembradorministries.com\/esne\/desde-el-vaticano\/wp-json\/wp\/v2\/posts\/1419\/revisions\/1421"}],"wp:featuredmedia":[{"embeddable":true,"href":"https:\/\/elsembradorministries.com\/esne\/desde-el-vaticano\/wp-json\/wp\/v2\/media\/1420"}],"wp:attachment":[{"href":"https:\/\/elsembradorministries.com\/esne\/desde-el-vaticano\/wp-json\/wp\/v2\/media?parent=1419"}],"wp:term":[{"taxonomy":"category","embeddable":true,"href":"https:\/\/elsembradorministries.com\/esne\/desde-el-vaticano\/wp-json\/wp\/v2\/categories?post=1419"},{"taxonomy":"post_tag","embeddable":true,"href":"https:\/\/elsembradorministries.com\/esne\/desde-el-vaticano\/wp-json\/wp\/v2\/tags?post=1419"}],"curies":[{"name":"wp","href":"https:\/\/api.w.org\/{rel}","templated":true}]}}