{"id":1458,"date":"2026-03-12T20:13:21","date_gmt":"2026-03-12T20:13:21","guid":{"rendered":"https:\/\/elsembradorministries.com\/esne\/desde-el-vaticano\/?p=1458"},"modified":"2026-03-12T20:13:21","modified_gmt":"2026-03-12T20:13:21","slug":"el-presidente-de-la-conferencia-episcopal-italiana-el-grito-de-los-que-sufren-nos-interpela","status":"publish","type":"post","link":"https:\/\/elsembradorministries.com\/esne\/desde-el-vaticano\/el-presidente-de-la-conferencia-episcopal-italiana-el-grito-de-los-que-sufren-nos-interpela\/","title":{"rendered":"El presidente de la Conferencia Episcopal Italiana: &#8220;El grito de los que sufren nos interpela&#8221;"},"content":{"rendered":"<div class=\"article__subTitle\"><em>El cardenal Matteo Maria Zuppi, arzobispo de Bolonia y presidente de la Conferencia Episcopal Italiana, expres\u00f3 su preocupaci\u00f3n por la escalada de violencia en la regi\u00f3n y enfatiz\u00f3 la urgencia de alcanzar un alto el fuego mediante el di\u00e1logo y la diplomacia.<\/em><\/div>\n<div>\u00a0<\/div>\n<div style=\"text-align: right\"><em>ESNE\/Vatican News<\/em><\/div>\n<div>\u00a0<\/div>\n<div>El cardenal expresa su preocupaci\u00f3n por la escalada de violencia en todos los pa\u00edses de la regi\u00f3n, que, seg\u00fan afirma, \u00absigue causando sufrimiento, heridas y muerte, afectando especialmente a los m\u00e1s vulnerables: familias, ni\u00f1os, ancianos, enfermos y quienes se ven obligados a abandonar sus hogares o a vivir en la incertidumbre cotidiana\u00bb. Le preocupa especialmente que las comunidades cristianas de Oriente Medio, \u00abcuna de nuestra fe, ya duramente probada por a\u00f1os de violencia y episodios de persecuci\u00f3n, pierdan la esperanza y, sobre todo, que las j\u00f3venes generaciones decidan abandonar la tierra que las vio nacer\u00bb.<\/div>\n<div>\u00a0<\/div>\n<div>Zuppi enfatiza que \u00abel grito de quienes sufren interpela la conciencia de todos y no puede ser ignorado\u00bb, y reitera que \u00abla guerra no es ni podr\u00e1 ser jam\u00e1s la respuesta\u00bb, ya que \u00abla l\u00f3gica de la fuerza no puede sustituir el paciente arte del di\u00e1logo y la diplomacia, \u00fanico camino viable para resolver disputas y construir una paz justa y duradera\u00bb. El presidente de la Conferencia Episcopal Italiana concluye renovando\u00a0<a href=\"https:\/\/www.vatican.va\/content\/leo-xiv\/it\/angelus\/2026\/documents\/20260222-angelus.html\" rel=\"external\">el llamamiento del Papa Le\u00f3n XIV<\/a>\u00a0para que<\/div>\n<div>\u00a0<\/div>\n<blockquote>\n<div>\u00abse silencien las armas, cesen los bombardeos, se alcance un alto el fuego sin demora y se fortalezca el di\u00e1logo para allanar el camino hacia la paz\u00bb.<\/div>\n<\/blockquote>\n<div>La carta a los patriarcas tambi\u00e9n recuerda que ma\u00f1ana, viernes 13 de marzo, la Iglesia italiana celebrar\u00e1 una Jornada de Oraci\u00f3n y Ayuno por la Paz, durante la cual se rendir\u00e1 especial homenaje al Padre Pierre El-Raii, sacerdote asesinado en un atentado en el L\u00edbano, y a las Iglesias m\u00e1rtires de Oriente Medio. Con motivo de la Jornada, titulada \u00ab\u00a0<i>Amar a los desarmados y desarmar la paz \u00bb, la Oficina Lit\u00fargica Nacional insta a utilizar el formulario de la Misa \u00aben tiempos de guerra o disturbios\u00bb (\u00a0Misal Romano<\/i>\u00a0, p. 896) para la celebraci\u00f3n de la Eucarist\u00eda,\u00a0y a que el V\u00eda Crucis se viva con una intenci\u00f3n especial de oraci\u00f3n por Oriente Medio.<\/div>\n<div>\u00a0<\/div>\n<div>\u00a0<\/div>\n","protected":false},"excerpt":{"rendered":"<p>El cardenal Matteo Maria Zuppi, arzobispo de Bolonia y presidente de la Conferencia Episcopal Italiana, expres\u00f3 su preocupaci\u00f3n por la escalada de violencia en la regi\u00f3n y enfatiz\u00f3 la urgencia de alcanzar un alto el fuego mediante el di\u00e1logo y la diplomacia. \u00a0 ESNE\/Vatican News \u00a0 El cardenal expresa su preocupaci\u00f3n por la escalada de [&hellip;]<\/p>\n","protected":false},"author":129,"featured_media":1459,"comment_status":"closed","ping_status":"closed","sticky":false,"template":"","format":"standard","meta":{"ocean_post_layout":"","ocean_both_sidebars_style":"","ocean_both_sidebars_content_width":0,"ocean_both_sidebars_sidebars_width":0,"ocean_sidebar":"","ocean_second_sidebar":"","ocean_disable_margins":"enable","ocean_add_body_class":"","ocean_shortcode_before_top_bar":"","ocean_shortcode_after_top_bar":"","ocean_shortcode_before_header":"","ocean_shortcode_after_header":"","ocean_has_shortcode":"","ocean_shortcode_after_title":"","ocean_shortcode_before_footer_widgets":"","ocean_shortcode_after_footer_widgets":"","ocean_shortcode_before_footer_bottom":"","ocean_shortcode_after_footer_bottom":"","ocean_display_top_bar":"default","ocean_display_header":"default","ocean_header_style":"","ocean_center_header_left_menu":"","ocean_custom_header_template":"","ocean_custom_logo":0,"ocean_custom_retina_logo":0,"ocean_custom_logo_max_width":0,"ocean_custom_logo_tablet_max_width":0,"ocean_custom_logo_mobile_max_width":0,"ocean_custom_logo_max_height":0,"ocean_custom_logo_tablet_max_height":0,"ocean_custom_logo_mobile_max_height":0,"ocean_header_custom_menu":"","ocean_menu_typo_font_family":"","ocean_menu_typo_font_subset":"","ocean_menu_typo_font_size":0,"ocean_menu_typo_font_size_tablet":0,"ocean_menu_typo_font_size_mobile":0,"ocean_menu_typo_font_size_unit":"px","ocean_menu_typo_font_weight":"","ocean_menu_typo_font_weight_tablet":"","ocean_menu_typo_font_weight_mobile":"","ocean_menu_typo_transform":"","ocean_menu_typo_transform_tablet":"","ocean_menu_typo_transform_mobile":"","ocean_menu_typo_line_height":0,"ocean_menu_typo_line_height_tablet":0,"ocean_menu_typo_line_height_mobile":0,"ocean_menu_typo_line_height_unit":"","ocean_menu_typo_spacing":0,"ocean_menu_typo_spacing_tablet":0,"ocean_menu_typo_spacing_mobile":0,"ocean_menu_typo_spacing_unit":"","ocean_menu_link_color":"","ocean_menu_link_color_hover":"","ocean_menu_link_color_active":"","ocean_menu_link_background":"","ocean_menu_link_hover_background":"","ocean_menu_link_active_background":"","ocean_menu_social_links_bg":"","ocean_menu_social_hover_links_bg":"","ocean_menu_social_links_color":"","ocean_menu_social_hover_links_color":"","ocean_disable_title":"default","ocean_disable_heading":"default","ocean_post_title":"","ocean_post_subheading":"","ocean_post_title_style":"","ocean_post_title_background_color":"","ocean_post_title_background":0,"ocean_post_title_bg_image_position":"","ocean_post_title_bg_image_attachment":"","ocean_post_title_bg_image_repeat":"","ocean_post_title_bg_image_size":"","ocean_post_title_height":0,"ocean_post_title_bg_overlay":0.5,"ocean_post_title_bg_overlay_color":"","ocean_disable_breadcrumbs":"default","ocean_breadcrumbs_color":"","ocean_breadcrumbs_separator_color":"","ocean_breadcrumbs_links_color":"","ocean_breadcrumbs_links_hover_color":"","ocean_display_footer_widgets":"default","ocean_display_footer_bottom":"default","ocean_custom_footer_template":"","ocean_post_oembed":"","ocean_post_self_hosted_media":"","ocean_post_video_embed":"","ocean_link_format":"","ocean_link_format_target":"self","ocean_quote_format":"","ocean_quote_format_link":"post","ocean_gallery_link_images":"on","ocean_gallery_id":[],"footnotes":""},"categories":[56],"tags":[],"class_list":["post-1458","post","type-post","status-publish","format-standard","has-post-thumbnail","hentry","category-otra","entry","has-media"],"publishpress_future_action":{"enabled":false,"date":"2026-05-06 16:21:56","action":"change-status","newStatus":"draft","terms":[],"taxonomy":"category","extraData":[]},"publishpress_future_workflow_manual_trigger":{"enabledWorkflows":[]},"_links":{"self":[{"href":"https:\/\/elsembradorministries.com\/esne\/desde-el-vaticano\/wp-json\/wp\/v2\/posts\/1458","targetHints":{"allow":["GET"]}}],"collection":[{"href":"https:\/\/elsembradorministries.com\/esne\/desde-el-vaticano\/wp-json\/wp\/v2\/posts"}],"about":[{"href":"https:\/\/elsembradorministries.com\/esne\/desde-el-vaticano\/wp-json\/wp\/v2\/types\/post"}],"author":[{"embeddable":true,"href":"https:\/\/elsembradorministries.com\/esne\/desde-el-vaticano\/wp-json\/wp\/v2\/users\/129"}],"replies":[{"embeddable":true,"href":"https:\/\/elsembradorministries.com\/esne\/desde-el-vaticano\/wp-json\/wp\/v2\/comments?post=1458"}],"version-history":[{"count":1,"href":"https:\/\/elsembradorministries.com\/esne\/desde-el-vaticano\/wp-json\/wp\/v2\/posts\/1458\/revisions"}],"predecessor-version":[{"id":1460,"href":"https:\/\/elsembradorministries.com\/esne\/desde-el-vaticano\/wp-json\/wp\/v2\/posts\/1458\/revisions\/1460"}],"wp:featuredmedia":[{"embeddable":true,"href":"https:\/\/elsembradorministries.com\/esne\/desde-el-vaticano\/wp-json\/wp\/v2\/media\/1459"}],"wp:attachment":[{"href":"https:\/\/elsembradorministries.com\/esne\/desde-el-vaticano\/wp-json\/wp\/v2\/media?parent=1458"}],"wp:term":[{"taxonomy":"category","embeddable":true,"href":"https:\/\/elsembradorministries.com\/esne\/desde-el-vaticano\/wp-json\/wp\/v2\/categories?post=1458"},{"taxonomy":"post_tag","embeddable":true,"href":"https:\/\/elsembradorministries.com\/esne\/desde-el-vaticano\/wp-json\/wp\/v2\/tags?post=1458"}],"curies":[{"name":"wp","href":"https:\/\/api.w.org\/{rel}","templated":true}]}}