{"id":633,"date":"2023-07-27T20:55:02","date_gmt":"2023-07-27T20:55:02","guid":{"rendered":"https:\/\/elsembradorministries.com\/esne\/desde-el-vaticano\/?p=633"},"modified":"2023-07-27T21:04:17","modified_gmt":"2023-07-27T21:04:17","slug":"papa-francisco-la-iglesia-necesita-a-los-jovenes-para-no-envejecer","status":"publish","type":"post","link":"https:\/\/elsembradorministries.com\/esne\/desde-el-vaticano\/papa-francisco-la-iglesia-necesita-a-los-jovenes-para-no-envejecer\/","title":{"rendered":"Papa Francisco: La Iglesia necesita a los j\u00f3venes para no envejecer"},"content":{"rendered":"<p><span style=\"font-weight: 400;\">La figura de Mar\u00eda, quien se pone en camino, ayudar\u00e1 a los j\u00f3venes para que, como ella, se levanten presurosos al encuentro de quien necesita ayuda, afirma el Papa en su mensaje del mes de agosto, donde pone como intenci\u00f3n de oraci\u00f3n, el \u00e9xito de la JMJ en Lisboa.<\/span><\/p>\n<p style=\"text-align: right;\"><i><span style=\"font-weight: 400;\">Esne<\/span><\/i><\/p>\n<p><span style=\"font-weight: 400;\">El d\u00eda de hoy se ha publicado el video del Papa con la intenci\u00f3n de oraci\u00f3n para el mes de agosto, que tiene como objetivo orar por todos aquellos j\u00f3venes que vivir\u00e1n la Jornada Mundial de la Juventud. En el video, el Papa Francisco responde a las preguntas de distintos j\u00f3venes del mundo, quienes le interrogan en sus propias lenguas y desde varios continentes.<\/span><\/p>\n<p><span style=\"font-weight: 400;\">El Papa refiere que le \u201cgustar\u00eda ver en Lisboa una semilla del mundo del futuro, un mundo donde el amor est\u00e9 en el centro, donde nos podamos sentir hermanos y hermanas\u201d, dado el clima b\u00e9lico actual que impera en el mundo.<\/span><\/p>\n<p><span style=\"font-weight: 400;\">Finalmente, el Papa enfatiz\u00f3 que le gustar\u00eda un mundo donde los cristianos manifiesten alegr\u00eda: \u201cSi los cristianos no tenemos alegr\u00eda no somos cre\u00edbles, no nos cree nadie\u201d.<\/span><\/p>\n<p><b>Una aplicaci\u00f3n para participar de la JMJ a distancia<\/b><\/p>\n<p>\n<span style=\"font-weight: 400;\">El padre Fr\u00e9d\u00e9ric Fornos S.J., director de la Red Mundial de Oraci\u00f3n del Papa y creadores del \u201cvideo del Papa\u201d cada mes, pone a disposici\u00f3n de todos aquellos que quieren vivir la Jornada Mundial de la Juventud y no estar\u00e1n f\u00edsicamente presentes en Lisboa, la aplicaci\u00f3n <\/span><a href=\"https:\/\/clicktopray.org\/\"><b>Click To Pray<\/b><\/a><span style=\"font-weight: 400;\">, desde donde podr\u00e1n acceder a meditaciones diarias en texto y audio, disponibles en cinco idiomas: espa\u00f1ol, portugu\u00e9s, ingl\u00e9s, italiano y franc\u00e9s&#8221;.<\/span><\/p>\n","protected":false},"excerpt":{"rendered":"<p>La figura de Mar\u00eda, quien se pone en camino, ayudar\u00e1 a los j\u00f3venes para que, como ella, se levanten presurosos al encuentro de quien necesita ayuda, afirma el Papa en su mensaje del mes de agosto, donde pone como intenci\u00f3n de oraci\u00f3n, el \u00e9xito de la JMJ en Lisboa. Esne El d\u00eda de hoy se [&hellip;]<\/p>\n","protected":false},"author":1,"featured_media":635,"comment_status":"closed","ping_status":"closed","sticky":false,"template":"","format":"video","meta":{"ocean_post_layout":"","ocean_both_sidebars_style":"","ocean_both_sidebars_content_width":0,"ocean_both_sidebars_sidebars_width":0,"ocean_sidebar":"0","ocean_second_sidebar":"0","ocean_disable_margins":"enable","ocean_add_body_class":"","ocean_shortcode_before_top_bar":"","ocean_shortcode_after_top_bar":"","ocean_shortcode_before_header":"","ocean_shortcode_after_header":"","ocean_has_shortcode":"","ocean_shortcode_after_title":"","ocean_shortcode_before_footer_widgets":"","ocean_shortcode_after_footer_widgets":"","ocean_shortcode_before_footer_bottom":"","ocean_shortcode_after_footer_bottom":"","ocean_display_top_bar":"default","ocean_display_header":"default","ocean_header_style":"","ocean_center_header_left_menu":"0","ocean_custom_header_template":"0","ocean_custom_logo":0,"ocean_custom_retina_logo":0,"ocean_custom_logo_max_width":0,"ocean_custom_logo_tablet_max_width":0,"ocean_custom_logo_mobile_max_width":0,"ocean_custom_logo_max_height":0,"ocean_custom_logo_tablet_max_height":0,"ocean_custom_logo_mobile_max_height":0,"ocean_header_custom_menu":"0","ocean_menu_typo_font_family":"0","ocean_menu_typo_font_subset":"","ocean_menu_typo_font_size":0,"ocean_menu_typo_font_size_tablet":0,"ocean_menu_typo_font_size_mobile":0,"ocean_menu_typo_font_size_unit":"px","ocean_menu_typo_font_weight":"","ocean_menu_typo_font_weight_tablet":"","ocean_menu_typo_font_weight_mobile":"","ocean_menu_typo_transform":"","ocean_menu_typo_transform_tablet":"","ocean_menu_typo_transform_mobile":"","ocean_menu_typo_line_height":0,"ocean_menu_typo_line_height_tablet":0,"ocean_menu_typo_line_height_mobile":0,"ocean_menu_typo_line_height_unit":"","ocean_menu_typo_spacing":0,"ocean_menu_typo_spacing_tablet":0,"ocean_menu_typo_spacing_mobile":0,"ocean_menu_typo_spacing_unit":"","ocean_menu_link_color":"","ocean_menu_link_color_hover":"","ocean_menu_link_color_active":"","ocean_menu_link_background":"","ocean_menu_link_hover_background":"","ocean_menu_link_active_background":"","ocean_menu_social_links_bg":"","ocean_menu_social_hover_links_bg":"","ocean_menu_social_links_color":"","ocean_menu_social_hover_links_color":"","ocean_disable_title":"default","ocean_disable_heading":"default","ocean_post_title":"","ocean_post_subheading":"","ocean_post_title_style":"","ocean_post_title_background_color":"","ocean_post_title_background":0,"ocean_post_title_bg_image_position":"","ocean_post_title_bg_image_attachment":"","ocean_post_title_bg_image_repeat":"","ocean_post_title_bg_image_size":"","ocean_post_title_height":0,"ocean_post_title_bg_overlay":0.5,"ocean_post_title_bg_overlay_color":"","ocean_disable_breadcrumbs":"default","ocean_breadcrumbs_color":"","ocean_breadcrumbs_separator_color":"","ocean_breadcrumbs_links_color":"","ocean_breadcrumbs_links_hover_color":"","ocean_display_footer_widgets":"default","ocean_display_footer_bottom":"default","ocean_custom_footer_template":"0","ocean_post_oembed":"https:\/\/www.youtube.com\/watch?v=ap1CA_MD83s","ocean_post_self_hosted_media":"","ocean_post_video_embed":"","ocean_link_format":"","ocean_link_format_target":"self","ocean_quote_format":"","ocean_quote_format_link":"post","ocean_gallery_link_images":"off","ocean_gallery_id":[],"footnotes":""},"categories":[3],"tags":[],"class_list":["post-633","post","type-post","status-publish","format-video","has-post-thumbnail","hentry","category-viajes-papales","post_format-post-format-video","entry","has-media"],"publishpress_future_action":{"enabled":false,"date":"2026-05-07 20:26:28","action":"change-status","newStatus":"draft","terms":[],"taxonomy":"category","extraData":[]},"publishpress_future_workflow_manual_trigger":{"enabledWorkflows":[]},"_links":{"self":[{"href":"https:\/\/elsembradorministries.com\/esne\/desde-el-vaticano\/wp-json\/wp\/v2\/posts\/633","targetHints":{"allow":["GET"]}}],"collection":[{"href":"https:\/\/elsembradorministries.com\/esne\/desde-el-vaticano\/wp-json\/wp\/v2\/posts"}],"about":[{"href":"https:\/\/elsembradorministries.com\/esne\/desde-el-vaticano\/wp-json\/wp\/v2\/types\/post"}],"author":[{"embeddable":true,"href":"https:\/\/elsembradorministries.com\/esne\/desde-el-vaticano\/wp-json\/wp\/v2\/users\/1"}],"replies":[{"embeddable":true,"href":"https:\/\/elsembradorministries.com\/esne\/desde-el-vaticano\/wp-json\/wp\/v2\/comments?post=633"}],"version-history":[{"count":3,"href":"https:\/\/elsembradorministries.com\/esne\/desde-el-vaticano\/wp-json\/wp\/v2\/posts\/633\/revisions"}],"predecessor-version":[{"id":637,"href":"https:\/\/elsembradorministries.com\/esne\/desde-el-vaticano\/wp-json\/wp\/v2\/posts\/633\/revisions\/637"}],"wp:featuredmedia":[{"embeddable":true,"href":"https:\/\/elsembradorministries.com\/esne\/desde-el-vaticano\/wp-json\/wp\/v2\/media\/635"}],"wp:attachment":[{"href":"https:\/\/elsembradorministries.com\/esne\/desde-el-vaticano\/wp-json\/wp\/v2\/media?parent=633"}],"wp:term":[{"taxonomy":"category","embeddable":true,"href":"https:\/\/elsembradorministries.com\/esne\/desde-el-vaticano\/wp-json\/wp\/v2\/categories?post=633"},{"taxonomy":"post_tag","embeddable":true,"href":"https:\/\/elsembradorministries.com\/esne\/desde-el-vaticano\/wp-json\/wp\/v2\/tags?post=633"}],"curies":[{"name":"wp","href":"https:\/\/api.w.org\/{rel}","templated":true}]}}