{"id":655,"date":"2023-08-06T15:15:31","date_gmt":"2023-08-06T15:15:31","guid":{"rendered":"https:\/\/elsembradorministries.com\/esne\/desde-el-vaticano\/?p=655"},"modified":"2023-08-07T15:24:21","modified_gmt":"2023-08-07T15:24:21","slug":"el-papa-francisco-nombra-una-nueva-advocacion-para-maria-nuestra-senora-apurada","status":"publish","type":"post","link":"https:\/\/elsembradorministries.com\/esne\/desde-el-vaticano\/el-papa-francisco-nombra-una-nueva-advocacion-para-maria-nuestra-senora-apurada\/","title":{"rendered":"El Papa Francisco nombra una nueva advocaci\u00f3n para Mar\u00eda: Nuestra Se\u00f1ora Apurada"},"content":{"rendered":"<p><span style=\"font-weight: 400;\">Desde el Santuario de Nuestra Se\u00f1ora de F\u00e1tima, el Santo Padre quiso con esto reafirmar c\u00f3mo Mar\u00eda, con su prisa por ayudar, nos da ejemplo de c\u00f3mo servir, siempre a tiempo, siempre en el momento.<\/span><\/p>\n<p style=\"text-align: right;\"><span style=\"font-weight: 400;\">ESNE\/Vatican News<\/span><\/p>\n<p><span style=\"font-weight: 400;\">Cerca de 200 mil fieles se dieron cita en este Santuario para orar junto con el Papa Francisco y bajo el cobijo de Mar\u00eda: \u201cla Madre que siempre dir\u00e1 \u2018hagan lo que Jes\u00fas les diga\u00b4, la Madre que nos se\u00f1ala a Jes\u00fas, pero la Madre que le dice a Jes\u00fas: haz lo que \u00e9ste te est\u00e1 pidiendo&#8221;. \u2018Esa es Mar\u00eda\u2019\u201d.<\/span><\/p>\n<p><span style=\"font-weight: 400;\">El Papa, ante la peque\u00f1a capilla \u201csin puertas, la Iglesia no tiene puertas, para que todos puedan entrar\u201d, ha recordado que \u00e9sta es \u201cla casa de la Madre\u201d y que una madre siempre tiene el coraz\u00f3n abierto para todos sus hijos: \u201ctodos, todos, todos, sin exclusi\u00f3n\u201d.<\/span><\/p>\n<p><span style=\"font-weight: 400;\">Al finalizar el Santo Padre motiv\u00f3 a tener un momento de silencio en torno a Mar\u00eda y preguntarle desde el coraz\u00f3n: \u201cMadre \u00bfqu\u00e9 me est\u00e1s se\u00f1alando a m\u00ed? \u00bfQu\u00e9 hay en mi vida que te preocupa? \u00bfQu\u00e9 hay en mi vida que te conmueve? \u00bfqu\u00e9 hay en mi vida que te interesa?\u201d.<\/span><\/p>\n","protected":false},"excerpt":{"rendered":"<p>Desde el Santuario de Nuestra Se\u00f1ora de F\u00e1tima, el Santo Padre quiso con esto reafirmar c\u00f3mo Mar\u00eda, con su prisa por ayudar, nos da ejemplo de c\u00f3mo servir, siempre a tiempo, siempre en el momento. ESNE\/Vatican News Cerca de 200 mil fieles se dieron cita en este Santuario para orar junto con el Papa Francisco [&hellip;]<\/p>\n","protected":false},"author":1,"featured_media":657,"comment_status":"closed","ping_status":"closed","sticky":false,"template":"","format":"video","meta":{"ocean_post_layout":"","ocean_both_sidebars_style":"","ocean_both_sidebars_content_width":0,"ocean_both_sidebars_sidebars_width":0,"ocean_sidebar":"0","ocean_second_sidebar":"0","ocean_disable_margins":"enable","ocean_add_body_class":"","ocean_shortcode_before_top_bar":"","ocean_shortcode_after_top_bar":"","ocean_shortcode_before_header":"","ocean_shortcode_after_header":"","ocean_has_shortcode":"","ocean_shortcode_after_title":"","ocean_shortcode_before_footer_widgets":"","ocean_shortcode_after_footer_widgets":"","ocean_shortcode_before_footer_bottom":"","ocean_shortcode_after_footer_bottom":"","ocean_display_top_bar":"default","ocean_display_header":"default","ocean_header_style":"","ocean_center_header_left_menu":"0","ocean_custom_header_template":"0","ocean_custom_logo":0,"ocean_custom_retina_logo":0,"ocean_custom_logo_max_width":0,"ocean_custom_logo_tablet_max_width":0,"ocean_custom_logo_mobile_max_width":0,"ocean_custom_logo_max_height":0,"ocean_custom_logo_tablet_max_height":0,"ocean_custom_logo_mobile_max_height":0,"ocean_header_custom_menu":"0","ocean_menu_typo_font_family":"0","ocean_menu_typo_font_subset":"","ocean_menu_typo_font_size":0,"ocean_menu_typo_font_size_tablet":0,"ocean_menu_typo_font_size_mobile":0,"ocean_menu_typo_font_size_unit":"px","ocean_menu_typo_font_weight":"","ocean_menu_typo_font_weight_tablet":"","ocean_menu_typo_font_weight_mobile":"","ocean_menu_typo_transform":"","ocean_menu_typo_transform_tablet":"","ocean_menu_typo_transform_mobile":"","ocean_menu_typo_line_height":0,"ocean_menu_typo_line_height_tablet":0,"ocean_menu_typo_line_height_mobile":0,"ocean_menu_typo_line_height_unit":"","ocean_menu_typo_spacing":0,"ocean_menu_typo_spacing_tablet":0,"ocean_menu_typo_spacing_mobile":0,"ocean_menu_typo_spacing_unit":"","ocean_menu_link_color":"","ocean_menu_link_color_hover":"","ocean_menu_link_color_active":"","ocean_menu_link_background":"","ocean_menu_link_hover_background":"","ocean_menu_link_active_background":"","ocean_menu_social_links_bg":"","ocean_menu_social_hover_links_bg":"","ocean_menu_social_links_color":"","ocean_menu_social_hover_links_color":"","ocean_disable_title":"default","ocean_disable_heading":"default","ocean_post_title":"","ocean_post_subheading":"","ocean_post_title_style":"","ocean_post_title_background_color":"","ocean_post_title_background":0,"ocean_post_title_bg_image_position":"","ocean_post_title_bg_image_attachment":"","ocean_post_title_bg_image_repeat":"","ocean_post_title_bg_image_size":"","ocean_post_title_height":0,"ocean_post_title_bg_overlay":0.5,"ocean_post_title_bg_overlay_color":"","ocean_disable_breadcrumbs":"default","ocean_breadcrumbs_color":"","ocean_breadcrumbs_separator_color":"","ocean_breadcrumbs_links_color":"","ocean_breadcrumbs_links_hover_color":"","ocean_display_footer_widgets":"default","ocean_display_footer_bottom":"default","ocean_custom_footer_template":"0","ocean_post_oembed":"https:\/\/www.youtube.com\/watch?v=eAPN_Vvp2IA","ocean_post_self_hosted_media":"","ocean_post_video_embed":"","ocean_link_format":"","ocean_link_format_target":"self","ocean_quote_format":"","ocean_quote_format_link":"post","ocean_gallery_link_images":"off","ocean_gallery_id":[],"footnotes":""},"categories":[3],"tags":[],"class_list":["post-655","post","type-post","status-publish","format-video","has-post-thumbnail","hentry","category-viajes-papales","post_format-post-format-video","entry","has-media"],"publishpress_future_action":{"enabled":false,"date":"2026-05-08 12:41:27","action":"change-status","newStatus":"draft","terms":[],"taxonomy":"category","extraData":[]},"publishpress_future_workflow_manual_trigger":{"enabledWorkflows":[]},"_links":{"self":[{"href":"https:\/\/elsembradorministries.com\/esne\/desde-el-vaticano\/wp-json\/wp\/v2\/posts\/655","targetHints":{"allow":["GET"]}}],"collection":[{"href":"https:\/\/elsembradorministries.com\/esne\/desde-el-vaticano\/wp-json\/wp\/v2\/posts"}],"about":[{"href":"https:\/\/elsembradorministries.com\/esne\/desde-el-vaticano\/wp-json\/wp\/v2\/types\/post"}],"author":[{"embeddable":true,"href":"https:\/\/elsembradorministries.com\/esne\/desde-el-vaticano\/wp-json\/wp\/v2\/users\/1"}],"replies":[{"embeddable":true,"href":"https:\/\/elsembradorministries.com\/esne\/desde-el-vaticano\/wp-json\/wp\/v2\/comments?post=655"}],"version-history":[{"count":1,"href":"https:\/\/elsembradorministries.com\/esne\/desde-el-vaticano\/wp-json\/wp\/v2\/posts\/655\/revisions"}],"predecessor-version":[{"id":656,"href":"https:\/\/elsembradorministries.com\/esne\/desde-el-vaticano\/wp-json\/wp\/v2\/posts\/655\/revisions\/656"}],"wp:featuredmedia":[{"embeddable":true,"href":"https:\/\/elsembradorministries.com\/esne\/desde-el-vaticano\/wp-json\/wp\/v2\/media\/657"}],"wp:attachment":[{"href":"https:\/\/elsembradorministries.com\/esne\/desde-el-vaticano\/wp-json\/wp\/v2\/media?parent=655"}],"wp:term":[{"taxonomy":"category","embeddable":true,"href":"https:\/\/elsembradorministries.com\/esne\/desde-el-vaticano\/wp-json\/wp\/v2\/categories?post=655"},{"taxonomy":"post_tag","embeddable":true,"href":"https:\/\/elsembradorministries.com\/esne\/desde-el-vaticano\/wp-json\/wp\/v2\/tags?post=655"}],"curies":[{"name":"wp","href":"https:\/\/api.w.org\/{rel}","templated":true}]}}