{"id":669,"date":"2023-09-22T19:55:37","date_gmt":"2023-09-22T19:55:37","guid":{"rendered":"https:\/\/elsembradorministries.com\/esne\/desde-el-vaticano\/?p=669"},"modified":"2023-09-22T19:55:37","modified_gmt":"2023-09-22T19:55:37","slug":"no-hagamos-naufragar-la-esperanza","status":"publish","type":"post","link":"https:\/\/elsembradorministries.com\/esne\/desde-el-vaticano\/no-hagamos-naufragar-la-esperanza\/","title":{"rendered":"No hagamos naufragar la esperanza"},"content":{"rendered":"<p><span style=\"font-weight: 400;\">Ante el Memorial de los marineros y migrantes dispersos en el mar en Marsella el Papa Francisco recuerda a los numerosos hermanos y hermanas \u201cahogados en el miedo, junto con las esperanzas que llevaban en el coraz\u00f3n\u201d.<\/span><\/p>\n<p style=\"text-align: right;\"><span style=\"font-weight: 400;\">ESNE\/Vatican News<\/span><\/p>\n<p><span style=\"font-weight: 400;\">El Santo Padre, desde Marsella, ha hecho un fuerte llamado a recobrar la humanidad y no dar la espalda a las personas en peligro de morir ahogadas en el mar, no acostumbrarnos a los naufragios, a las muertes de cientos que, en b\u00fasqueda de alivio y esperanza, encuentran la muerte.<\/span><\/p>\n<p><span style=\"font-weight: 400;\">Ante esta \u201cencrucijada de civilizaci\u00f3n\u201d, por un lado, de fraternidad, y por el otro de indiferencia, \u201cno podemos resignarnos a ver seres humanos tratados como mercanc\u00eda de cambio, aprisionados y torturados de manera atroz; ni seguir presenciando los dramas de los naufragios, provocados por contrabandos repugnantes y por el fanatismo de la indiferencia\u201d.<\/span><\/p>\n<p><span style=\"font-weight: 400;\">El Papa Francisco, junto con los participantes de estos \u201cEncuentros del Mediterr\u00e1neo\u201d, donde se encuentran reunidos obispos cat\u00f3licos de los 30 pa\u00edses mediterr\u00e1neos, junto con alcaldes y j\u00f3venes del norte de \u00c1frica, de los Balcanes, de Europa latina, Mar Negro y Oriente Medio, ofreci\u00f3 una oraci\u00f3n y reflexi\u00f3n para dejarse \u201cconmover\u201d por la tragedia de \u201cdemasiadas personas\u201d, que \u201chuyendo de los conflictos, la pobreza y las cat\u00e1strofes naturales,\u201d encuentran entre las olas del Mediterr\u00e1neo el rechazo definitivo a su b\u00fasqueda de un futuro mejor.<\/span><\/p>\n<p><span style=\"font-weight: 400;\">Finalmente el Santo Padre pidi\u00f3 que Marsella, caracterizada por un variado pluralismo religioso, \u201csea para Francia, para Europa y para el mundo un mosaico de esperanza\u201d.<\/span><\/p>\n","protected":false},"excerpt":{"rendered":"<p>Ante el Memorial de los marineros y migrantes dispersos en el mar en Marsella el Papa Francisco recuerda a los numerosos hermanos y hermanas \u201cahogados en el miedo, junto con las esperanzas que llevaban en el coraz\u00f3n\u201d. ESNE\/Vatican News El Santo Padre, desde Marsella, ha hecho un fuerte llamado a recobrar la humanidad y no [&hellip;]<\/p>\n","protected":false},"author":1,"featured_media":670,"comment_status":"closed","ping_status":"closed","sticky":false,"template":"","format":"video","meta":{"ocean_post_layout":"","ocean_both_sidebars_style":"","ocean_both_sidebars_content_width":0,"ocean_both_sidebars_sidebars_width":0,"ocean_sidebar":"0","ocean_second_sidebar":"0","ocean_disable_margins":"enable","ocean_add_body_class":"","ocean_shortcode_before_top_bar":"","ocean_shortcode_after_top_bar":"","ocean_shortcode_before_header":"","ocean_shortcode_after_header":"","ocean_has_shortcode":"","ocean_shortcode_after_title":"","ocean_shortcode_before_footer_widgets":"","ocean_shortcode_after_footer_widgets":"","ocean_shortcode_before_footer_bottom":"","ocean_shortcode_after_footer_bottom":"","ocean_display_top_bar":"default","ocean_display_header":"default","ocean_header_style":"","ocean_center_header_left_menu":"0","ocean_custom_header_template":"0","ocean_custom_logo":0,"ocean_custom_retina_logo":0,"ocean_custom_logo_max_width":0,"ocean_custom_logo_tablet_max_width":0,"ocean_custom_logo_mobile_max_width":0,"ocean_custom_logo_max_height":0,"ocean_custom_logo_tablet_max_height":0,"ocean_custom_logo_mobile_max_height":0,"ocean_header_custom_menu":"0","ocean_menu_typo_font_family":"0","ocean_menu_typo_font_subset":"","ocean_menu_typo_font_size":0,"ocean_menu_typo_font_size_tablet":0,"ocean_menu_typo_font_size_mobile":0,"ocean_menu_typo_font_size_unit":"px","ocean_menu_typo_font_weight":"","ocean_menu_typo_font_weight_tablet":"","ocean_menu_typo_font_weight_mobile":"","ocean_menu_typo_transform":"","ocean_menu_typo_transform_tablet":"","ocean_menu_typo_transform_mobile":"","ocean_menu_typo_line_height":0,"ocean_menu_typo_line_height_tablet":0,"ocean_menu_typo_line_height_mobile":0,"ocean_menu_typo_line_height_unit":"","ocean_menu_typo_spacing":0,"ocean_menu_typo_spacing_tablet":0,"ocean_menu_typo_spacing_mobile":0,"ocean_menu_typo_spacing_unit":"","ocean_menu_link_color":"","ocean_menu_link_color_hover":"","ocean_menu_link_color_active":"","ocean_menu_link_background":"","ocean_menu_link_hover_background":"","ocean_menu_link_active_background":"","ocean_menu_social_links_bg":"","ocean_menu_social_hover_links_bg":"","ocean_menu_social_links_color":"","ocean_menu_social_hover_links_color":"","ocean_disable_title":"default","ocean_disable_heading":"default","ocean_post_title":"","ocean_post_subheading":"","ocean_post_title_style":"","ocean_post_title_background_color":"","ocean_post_title_background":0,"ocean_post_title_bg_image_position":"","ocean_post_title_bg_image_attachment":"","ocean_post_title_bg_image_repeat":"","ocean_post_title_bg_image_size":"","ocean_post_title_height":0,"ocean_post_title_bg_overlay":0.5,"ocean_post_title_bg_overlay_color":"","ocean_disable_breadcrumbs":"default","ocean_breadcrumbs_color":"","ocean_breadcrumbs_separator_color":"","ocean_breadcrumbs_links_color":"","ocean_breadcrumbs_links_hover_color":"","ocean_display_footer_widgets":"default","ocean_display_footer_bottom":"default","ocean_custom_footer_template":"0","ocean_post_oembed":"https:\/\/www.youtube.com\/watch?v=YSupV3F8cFs","ocean_post_self_hosted_media":"","ocean_post_video_embed":"","ocean_link_format":"","ocean_link_format_target":"self","ocean_quote_format":"","ocean_quote_format_link":"post","ocean_gallery_link_images":"off","ocean_gallery_id":[],"footnotes":""},"categories":[3],"tags":[],"class_list":["post-669","post","type-post","status-publish","format-video","has-post-thumbnail","hentry","category-viajes-papales","post_format-post-format-video","entry","has-media"],"publishpress_future_action":{"enabled":false,"date":"2026-05-09 06:34:45","action":"change-status","newStatus":"draft","terms":[],"taxonomy":"category","extraData":[]},"publishpress_future_workflow_manual_trigger":{"enabledWorkflows":[]},"_links":{"self":[{"href":"https:\/\/elsembradorministries.com\/esne\/desde-el-vaticano\/wp-json\/wp\/v2\/posts\/669","targetHints":{"allow":["GET"]}}],"collection":[{"href":"https:\/\/elsembradorministries.com\/esne\/desde-el-vaticano\/wp-json\/wp\/v2\/posts"}],"about":[{"href":"https:\/\/elsembradorministries.com\/esne\/desde-el-vaticano\/wp-json\/wp\/v2\/types\/post"}],"author":[{"embeddable":true,"href":"https:\/\/elsembradorministries.com\/esne\/desde-el-vaticano\/wp-json\/wp\/v2\/users\/1"}],"replies":[{"embeddable":true,"href":"https:\/\/elsembradorministries.com\/esne\/desde-el-vaticano\/wp-json\/wp\/v2\/comments?post=669"}],"version-history":[{"count":1,"href":"https:\/\/elsembradorministries.com\/esne\/desde-el-vaticano\/wp-json\/wp\/v2\/posts\/669\/revisions"}],"predecessor-version":[{"id":671,"href":"https:\/\/elsembradorministries.com\/esne\/desde-el-vaticano\/wp-json\/wp\/v2\/posts\/669\/revisions\/671"}],"wp:featuredmedia":[{"embeddable":true,"href":"https:\/\/elsembradorministries.com\/esne\/desde-el-vaticano\/wp-json\/wp\/v2\/media\/670"}],"wp:attachment":[{"href":"https:\/\/elsembradorministries.com\/esne\/desde-el-vaticano\/wp-json\/wp\/v2\/media?parent=669"}],"wp:term":[{"taxonomy":"category","embeddable":true,"href":"https:\/\/elsembradorministries.com\/esne\/desde-el-vaticano\/wp-json\/wp\/v2\/categories?post=669"},{"taxonomy":"post_tag","embeddable":true,"href":"https:\/\/elsembradorministries.com\/esne\/desde-el-vaticano\/wp-json\/wp\/v2\/tags?post=669"}],"curies":[{"name":"wp","href":"https:\/\/api.w.org\/{rel}","templated":true}]}}