{"id":683,"date":"2023-10-11T21:20:51","date_gmt":"2023-10-11T21:20:51","guid":{"rendered":"https:\/\/elsembradorministries.com\/esne\/desde-el-vaticano\/?p=683"},"modified":"2023-10-11T21:20:51","modified_gmt":"2023-10-11T21:20:51","slug":"medio-oriente-necesita-la-paz-la-justicia-y-la-fraternidad","status":"publish","type":"post","link":"https:\/\/elsembradorministries.com\/esne\/desde-el-vaticano\/medio-oriente-necesita-la-paz-la-justicia-y-la-fraternidad\/","title":{"rendered":"Medio Oriente necesita la paz, la justicia y la fraternidad"},"content":{"rendered":"<p>El Papa exhort\u00f3 nuevamente a detener los ataques y las armas en Tierra Santa, inst\u00f3 a liberar a los rehenes de forma inmediata y remarc\u00f3 que el terrorismo y los extremismos no ayudan a encontrar una soluci\u00f3n al conflicto.<\/p>\n<p>&nbsp;<\/p>\n<p style=\"text-align: right;\">ESNE\/Vatican News<\/p>\n<p>El Papa Francisco manifest\u00f3 sentirse muy triste por el nuevo conflicto en Israel: \u201cTantas personas asesinadas, tantas heridas\u2026\u201d, dijo. El Santo Padre reza por las familias que han visto c\u00f3mo un d\u00eda de fiesta se convert\u00eda en un d\u00eda de luto y pide que los rehenes sean liberados inmediatamente.<\/p>\n<p>El Santo Padre fue muy claro que, quien es atacada tiene derecho a defenderse, pero tambi\u00e9n se muestra muy preocupado por las v\u00edctimas inocentes de Gaza. Insisti\u00f3 que \u201cel terrorismo y los extremismos no ayudan a alcanzar una soluci\u00f3n al conflicto entre israel\u00edes y palestinos, sino que alimentan el odio, la violencia y la venganza y solo hacen sufrir a unos y otros\u201d.<\/p>\n<p>Antes de finalizar con un momento de silencio por las v\u00edctimas de esta nueva \u201cguerra\u201d, el Papa afirm\u00f3 que \u201cMedio Oriente no necesita la guerra, sino la paz, una paz construida sobre la justicia, el di\u00e1logo y el valor de la fraternidad\u201d.<\/p>\n","protected":false},"excerpt":{"rendered":"<p>El Papa exhort\u00f3 nuevamente a detener los ataques y las armas en Tierra Santa, inst\u00f3 a liberar a los rehenes de forma inmediata y remarc\u00f3 que el terrorismo y los extremismos no ayudan a encontrar una soluci\u00f3n al conflicto. &nbsp; ESNE\/Vatican News El Papa Francisco manifest\u00f3 sentirse muy triste por el nuevo conflicto en Israel: [&hellip;]<\/p>\n","protected":false},"author":1,"featured_media":684,"comment_status":"closed","ping_status":"closed","sticky":false,"template":"","format":"standard","meta":{"ocean_post_layout":"","ocean_both_sidebars_style":"","ocean_both_sidebars_content_width":0,"ocean_both_sidebars_sidebars_width":0,"ocean_sidebar":"0","ocean_second_sidebar":"0","ocean_disable_margins":"enable","ocean_add_body_class":"","ocean_shortcode_before_top_bar":"","ocean_shortcode_after_top_bar":"","ocean_shortcode_before_header":"","ocean_shortcode_after_header":"","ocean_has_shortcode":"","ocean_shortcode_after_title":"","ocean_shortcode_before_footer_widgets":"","ocean_shortcode_after_footer_widgets":"","ocean_shortcode_before_footer_bottom":"","ocean_shortcode_after_footer_bottom":"","ocean_display_top_bar":"default","ocean_display_header":"default","ocean_header_style":"","ocean_center_header_left_menu":"0","ocean_custom_header_template":"0","ocean_custom_logo":0,"ocean_custom_retina_logo":0,"ocean_custom_logo_max_width":0,"ocean_custom_logo_tablet_max_width":0,"ocean_custom_logo_mobile_max_width":0,"ocean_custom_logo_max_height":0,"ocean_custom_logo_tablet_max_height":0,"ocean_custom_logo_mobile_max_height":0,"ocean_header_custom_menu":"0","ocean_menu_typo_font_family":"0","ocean_menu_typo_font_subset":"","ocean_menu_typo_font_size":0,"ocean_menu_typo_font_size_tablet":0,"ocean_menu_typo_font_size_mobile":0,"ocean_menu_typo_font_size_unit":"px","ocean_menu_typo_font_weight":"","ocean_menu_typo_font_weight_tablet":"","ocean_menu_typo_font_weight_mobile":"","ocean_menu_typo_transform":"","ocean_menu_typo_transform_tablet":"","ocean_menu_typo_transform_mobile":"","ocean_menu_typo_line_height":0,"ocean_menu_typo_line_height_tablet":0,"ocean_menu_typo_line_height_mobile":0,"ocean_menu_typo_line_height_unit":"","ocean_menu_typo_spacing":0,"ocean_menu_typo_spacing_tablet":0,"ocean_menu_typo_spacing_mobile":0,"ocean_menu_typo_spacing_unit":"","ocean_menu_link_color":"","ocean_menu_link_color_hover":"","ocean_menu_link_color_active":"","ocean_menu_link_background":"","ocean_menu_link_hover_background":"","ocean_menu_link_active_background":"","ocean_menu_social_links_bg":"","ocean_menu_social_hover_links_bg":"","ocean_menu_social_links_color":"","ocean_menu_social_hover_links_color":"","ocean_disable_title":"default","ocean_disable_heading":"default","ocean_post_title":"","ocean_post_subheading":"","ocean_post_title_style":"","ocean_post_title_background_color":"","ocean_post_title_background":0,"ocean_post_title_bg_image_position":"","ocean_post_title_bg_image_attachment":"","ocean_post_title_bg_image_repeat":"","ocean_post_title_bg_image_size":"","ocean_post_title_height":0,"ocean_post_title_bg_overlay":0.5,"ocean_post_title_bg_overlay_color":"","ocean_disable_breadcrumbs":"default","ocean_breadcrumbs_color":"","ocean_breadcrumbs_separator_color":"","ocean_breadcrumbs_links_color":"","ocean_breadcrumbs_links_hover_color":"","ocean_display_footer_widgets":"default","ocean_display_footer_bottom":"default","ocean_custom_footer_template":"0","ocean_post_oembed":"https:\/\/youtu.be\/yUqtfi3oWzg?si=Dfclhljg2P8jamA2","ocean_post_self_hosted_media":"","ocean_post_video_embed":"","ocean_link_format":"","ocean_link_format_target":"self","ocean_quote_format":"","ocean_quote_format_link":"post","ocean_gallery_link_images":"off","ocean_gallery_id":[],"footnotes":""},"categories":[4],"tags":[],"class_list":["post-683","post","type-post","status-publish","format-standard","has-post-thumbnail","hentry","category-audiencias-papales","entry","has-media"],"publishpress_future_action":{"enabled":false,"date":"2026-05-08 10:50:34","action":"change-status","newStatus":"draft","terms":[],"taxonomy":"category","extraData":[]},"publishpress_future_workflow_manual_trigger":{"enabledWorkflows":[]},"_links":{"self":[{"href":"https:\/\/elsembradorministries.com\/esne\/desde-el-vaticano\/wp-json\/wp\/v2\/posts\/683","targetHints":{"allow":["GET"]}}],"collection":[{"href":"https:\/\/elsembradorministries.com\/esne\/desde-el-vaticano\/wp-json\/wp\/v2\/posts"}],"about":[{"href":"https:\/\/elsembradorministries.com\/esne\/desde-el-vaticano\/wp-json\/wp\/v2\/types\/post"}],"author":[{"embeddable":true,"href":"https:\/\/elsembradorministries.com\/esne\/desde-el-vaticano\/wp-json\/wp\/v2\/users\/1"}],"replies":[{"embeddable":true,"href":"https:\/\/elsembradorministries.com\/esne\/desde-el-vaticano\/wp-json\/wp\/v2\/comments?post=683"}],"version-history":[{"count":1,"href":"https:\/\/elsembradorministries.com\/esne\/desde-el-vaticano\/wp-json\/wp\/v2\/posts\/683\/revisions"}],"predecessor-version":[{"id":685,"href":"https:\/\/elsembradorministries.com\/esne\/desde-el-vaticano\/wp-json\/wp\/v2\/posts\/683\/revisions\/685"}],"wp:featuredmedia":[{"embeddable":true,"href":"https:\/\/elsembradorministries.com\/esne\/desde-el-vaticano\/wp-json\/wp\/v2\/media\/684"}],"wp:attachment":[{"href":"https:\/\/elsembradorministries.com\/esne\/desde-el-vaticano\/wp-json\/wp\/v2\/media?parent=683"}],"wp:term":[{"taxonomy":"category","embeddable":true,"href":"https:\/\/elsembradorministries.com\/esne\/desde-el-vaticano\/wp-json\/wp\/v2\/categories?post=683"},{"taxonomy":"post_tag","embeddable":true,"href":"https:\/\/elsembradorministries.com\/esne\/desde-el-vaticano\/wp-json\/wp\/v2\/tags?post=683"}],"curies":[{"name":"wp","href":"https:\/\/api.w.org\/{rel}","templated":true}]}}