{"id":741,"date":"2024-07-12T20:26:33","date_gmt":"2024-07-12T20:26:33","guid":{"rendered":"https:\/\/elsembradorministries.com\/esne\/desde-el-vaticano\/?p=741"},"modified":"2024-07-12T20:26:33","modified_gmt":"2024-07-12T20:26:33","slug":"papua-una-iglesia-fuerte-y-multicolor","status":"publish","type":"post","link":"https:\/\/elsembradorministries.com\/esne\/desde-el-vaticano\/papua-una-iglesia-fuerte-y-multicolor\/","title":{"rendered":"Papua: Una iglesia fuerte y multicolor"},"content":{"rendered":"<p><span style=\"font-weight: 400\">El Papa Francisco ya prepara su pr\u00f3ximo viaje ap\u00f3st\u00f3lico a As\u00eda y Ocean\u00eda en septiembre pr\u00f3ximo.<\/span><\/p>\n<p style=\"text-align: right\"><span style=\"font-weight: 400\">ESNE\/Vatican News<\/span><\/p>\n<p>&nbsp;<\/p>\n<p><span style=\"font-weight: 400\">\u00bfQu\u00e9 encontrar\u00e1 el Santo Padre en su pr\u00f3ximo viaje apost\u00f3lico? El padre Mario Abzal\u00f3n Alvarado Tovar, Superior General de los Misioneros del Sagrado Coraz\u00f3n (MSC), explica las expectativas de esta misi\u00f3n: \u201cEl Papa Francisco va a encontrar una Iglesia de mucha pr\u00e1ctica de fe, pero al estilo de Pap\u00faa Nueva Guinea, son pueblos muy ancestrales con tradiciones muy ancestrales. Para ellos la presencia del Papa es una confirmaci\u00f3n de su caminar como Iglesia, como pueblo de Dios\u201d.<\/span><\/p>\n<p><span style=\"font-weight: 400\">El sacerdote, originario de Guatemala, explica la gran riqueza y diversidad de la gente de este lugar, lo cual tambi\u00e9n es un gran reto en la evangelizaci\u00f3n: \u201cla realidad de Pap\u00faa Nueva Guinea como un mundo multicultural, y a la iglesia presente en estas tierras como una Iglesia multicolor, multiling\u00fce, multi\u00e9tnica\u201d, es \u201cla tierra de lo inesperado\u201d, como le conocen muchos a este pa\u00eds.<\/span><\/p>\n<p><b>El Papa encontrar\u00e1 una realidad alegre y diversa<\/b><\/p>\n<p><span style=\"font-weight: 400\">Refiri\u00e9ndose a la realidad eclesial que encontrar\u00e1 el Papa Francisco a su llegada en el mes de septiembre, el Superior General de los Misioneros del Sagrado Coraz\u00f3n indic\u00f3 que, \u201ces una Iglesia de muchos rituales, de muchas danzas, que nace de un mundo rural, de selva, de r\u00edos, de pesca, de caza, o sea, es ese es el ritmo del pueblo y ah\u00ed han ido sembrando la fe\u201d.<\/span><\/p>\n<p><span style=\"font-weight: 400\">Es por ello que, al inicio de la misi\u00f3n, los evangelizadores se encontraron con muchas dificultades para que el Evangelio pudiera permear entre las personas. Estos retos, poco a poco han ido disminuyendo, aunque ahora enfrentan otros desaf\u00edos sociales muy importantes por las enfermedades y falta de salubridad.<\/span><\/p>\n<p><span style=\"font-weight: 400\">En este sentido hace una denuncia a la que, sin duda, se sumar\u00e1 el Santo Padre: \u201cHay una pobreza muy sist\u00e9mica en Pap\u00faa Nueva Guinea, siendo un pa\u00eds con recursos naturales incre\u00edblemente grandes, hay una presencia de muchas compa\u00f1\u00edas internacionales que est\u00e1n explotando el pa\u00eds\u201d.<\/span><\/p>\n<p><span style=\"font-weight: 400\">Finalmente el misionero afirma que, ante todas las circunstancias, el Papa podr\u00e1 palpar la calidez y amor de la gente: \u201cEstoy seguro que el Papa Francisco los va a sentir en su coraz\u00f3n, porque se muestra muy claro en Pap\u00faa Nueva Guinea\u201d.<\/span><\/p>\n","protected":false},"excerpt":{"rendered":"<p>El Papa Francisco ya prepara su pr\u00f3ximo viaje ap\u00f3st\u00f3lico a As\u00eda y Ocean\u00eda en septiembre pr\u00f3ximo. ESNE\/Vatican News &nbsp; \u00bfQu\u00e9 encontrar\u00e1 el Santo Padre en su pr\u00f3ximo viaje apost\u00f3lico? El padre Mario Abzal\u00f3n Alvarado Tovar, Superior General de los Misioneros del Sagrado Coraz\u00f3n (MSC), explica las expectativas de esta misi\u00f3n: \u201cEl Papa Francisco va a [&hellip;]<\/p>\n","protected":false},"author":192,"featured_media":742,"comment_status":"closed","ping_status":"closed","sticky":false,"template":"","format":"standard","meta":{"ocean_post_layout":"","ocean_both_sidebars_style":"","ocean_both_sidebars_content_width":0,"ocean_both_sidebars_sidebars_width":0,"ocean_sidebar":"","ocean_second_sidebar":"","ocean_disable_margins":"enable","ocean_add_body_class":"","ocean_shortcode_before_top_bar":"","ocean_shortcode_after_top_bar":"","ocean_shortcode_before_header":"","ocean_shortcode_after_header":"","ocean_has_shortcode":"","ocean_shortcode_after_title":"","ocean_shortcode_before_footer_widgets":"","ocean_shortcode_after_footer_widgets":"","ocean_shortcode_before_footer_bottom":"","ocean_shortcode_after_footer_bottom":"","ocean_display_top_bar":"default","ocean_display_header":"default","ocean_header_style":"","ocean_center_header_left_menu":"","ocean_custom_header_template":"","ocean_custom_logo":0,"ocean_custom_retina_logo":0,"ocean_custom_logo_max_width":0,"ocean_custom_logo_tablet_max_width":0,"ocean_custom_logo_mobile_max_width":0,"ocean_custom_logo_max_height":0,"ocean_custom_logo_tablet_max_height":0,"ocean_custom_logo_mobile_max_height":0,"ocean_header_custom_menu":"","ocean_menu_typo_font_family":"","ocean_menu_typo_font_subset":"","ocean_menu_typo_font_size":0,"ocean_menu_typo_font_size_tablet":0,"ocean_menu_typo_font_size_mobile":0,"ocean_menu_typo_font_size_unit":"px","ocean_menu_typo_font_weight":"","ocean_menu_typo_font_weight_tablet":"","ocean_menu_typo_font_weight_mobile":"","ocean_menu_typo_transform":"","ocean_menu_typo_transform_tablet":"","ocean_menu_typo_transform_mobile":"","ocean_menu_typo_line_height":0,"ocean_menu_typo_line_height_tablet":0,"ocean_menu_typo_line_height_mobile":0,"ocean_menu_typo_line_height_unit":"","ocean_menu_typo_spacing":0,"ocean_menu_typo_spacing_tablet":0,"ocean_menu_typo_spacing_mobile":0,"ocean_menu_typo_spacing_unit":"","ocean_menu_link_color":"","ocean_menu_link_color_hover":"","ocean_menu_link_color_active":"","ocean_menu_link_background":"","ocean_menu_link_hover_background":"","ocean_menu_link_active_background":"","ocean_menu_social_links_bg":"","ocean_menu_social_hover_links_bg":"","ocean_menu_social_links_color":"","ocean_menu_social_hover_links_color":"","ocean_disable_title":"default","ocean_disable_heading":"default","ocean_post_title":"","ocean_post_subheading":"","ocean_post_title_style":"","ocean_post_title_background_color":"","ocean_post_title_background":0,"ocean_post_title_bg_image_position":"","ocean_post_title_bg_image_attachment":"","ocean_post_title_bg_image_repeat":"","ocean_post_title_bg_image_size":"","ocean_post_title_height":0,"ocean_post_title_bg_overlay":0.5,"ocean_post_title_bg_overlay_color":"","ocean_disable_breadcrumbs":"default","ocean_breadcrumbs_color":"","ocean_breadcrumbs_separator_color":"","ocean_breadcrumbs_links_color":"","ocean_breadcrumbs_links_hover_color":"","ocean_display_footer_widgets":"default","ocean_display_footer_bottom":"default","ocean_custom_footer_template":"","ocean_post_oembed":"","ocean_post_self_hosted_media":"","ocean_post_video_embed":"","ocean_link_format":"","ocean_link_format_target":"self","ocean_quote_format":"","ocean_quote_format_link":"post","ocean_gallery_link_images":"on","ocean_gallery_id":[],"footnotes":""},"categories":[3],"tags":[],"class_list":["post-741","post","type-post","status-publish","format-standard","has-post-thumbnail","hentry","category-viajes-papales","entry","has-media"],"publishpress_future_action":{"enabled":false,"date":"2026-05-07 12:40:03","action":"change-status","newStatus":"draft","terms":[],"taxonomy":"category","extraData":[]},"publishpress_future_workflow_manual_trigger":{"enabledWorkflows":[]},"_links":{"self":[{"href":"https:\/\/elsembradorministries.com\/esne\/desde-el-vaticano\/wp-json\/wp\/v2\/posts\/741","targetHints":{"allow":["GET"]}}],"collection":[{"href":"https:\/\/elsembradorministries.com\/esne\/desde-el-vaticano\/wp-json\/wp\/v2\/posts"}],"about":[{"href":"https:\/\/elsembradorministries.com\/esne\/desde-el-vaticano\/wp-json\/wp\/v2\/types\/post"}],"author":[{"embeddable":true,"href":"https:\/\/elsembradorministries.com\/esne\/desde-el-vaticano\/wp-json\/wp\/v2\/users\/192"}],"replies":[{"embeddable":true,"href":"https:\/\/elsembradorministries.com\/esne\/desde-el-vaticano\/wp-json\/wp\/v2\/comments?post=741"}],"version-history":[{"count":1,"href":"https:\/\/elsembradorministries.com\/esne\/desde-el-vaticano\/wp-json\/wp\/v2\/posts\/741\/revisions"}],"predecessor-version":[{"id":743,"href":"https:\/\/elsembradorministries.com\/esne\/desde-el-vaticano\/wp-json\/wp\/v2\/posts\/741\/revisions\/743"}],"wp:featuredmedia":[{"embeddable":true,"href":"https:\/\/elsembradorministries.com\/esne\/desde-el-vaticano\/wp-json\/wp\/v2\/media\/742"}],"wp:attachment":[{"href":"https:\/\/elsembradorministries.com\/esne\/desde-el-vaticano\/wp-json\/wp\/v2\/media?parent=741"}],"wp:term":[{"taxonomy":"category","embeddable":true,"href":"https:\/\/elsembradorministries.com\/esne\/desde-el-vaticano\/wp-json\/wp\/v2\/categories?post=741"},{"taxonomy":"post_tag","embeddable":true,"href":"https:\/\/elsembradorministries.com\/esne\/desde-el-vaticano\/wp-json\/wp\/v2\/tags?post=741"}],"curies":[{"name":"wp","href":"https:\/\/api.w.org\/{rel}","templated":true}]}}