{"id":747,"date":"2024-07-18T20:29:54","date_gmt":"2024-07-18T20:29:54","guid":{"rendered":"https:\/\/elsembradorministries.com\/esne\/desde-el-vaticano\/?p=747"},"modified":"2024-07-25T18:26:09","modified_gmt":"2024-07-25T18:26:09","slug":"indulgencia-plenaria-por-jornada-mundial-de-los-abuelos","status":"publish","type":"post","link":"https:\/\/elsembradorministries.com\/esne\/desde-el-vaticano\/indulgencia-plenaria-por-jornada-mundial-de-los-abuelos\/","title":{"rendered":"Indulgencia Plenaria por Jornada Mundial de los Abuelos"},"content":{"rendered":"<p class=\"p1\" style=\"text-align: right\">ESNE\/Vatican News<\/p>\n<p class=\"p2\">La IV Jornada Mundial de los Abuelos y de los Ancianos, instituida por el Papa Francisco el cuarto domingo de julio, tendr\u00e1 como lema \u201cEn la vejez no me abandones\u201d. La Penitenciaria Apost\u00f3lica concede por tanto la Indulgencia Plenaria.\u00a0<\/p>\n<p class=\"p2\">La Penitenciar\u00eda Apost\u00f3lica concede \u201cla Indulgencia Plenaria, en las condiciones habituales (confesi\u00f3n sacramental, comuni\u00f3n eucar\u00edstica y oraci\u00f3n seg\u00fan las intenciones del Sumo Pont\u00edfice) a los abuelos, a los mayores y a todos los fieles que, movidos por un verdadero esp\u00edritu de penitencia y caridad: \u201cLas personas de la tercera edad y a los fieles que, movidos por un verdadero esp\u00edritu de penitencia y de caridad\u201d participar\u00e1n en los diversos oficios, en todo el mundo, y tambi\u00e9n a los mayores enfermos, a sus cuidadores y a quienes, no pudiendo salir de casa, \u201cse unir\u00e1n espiritualmente a los sagrados servicios\u201d.<\/p>\n<p class=\"p2\">Este beneficio espiritual se tuvo en cuenta por la petici\u00f3n del cardenal Kevin Joseph Farrell, prefecto del Dicasterio para los Laicos, la Familia y la Vida, \u201ccon el fin de aumentar la devoci\u00f3n de los fieles y procurar la salvaci\u00f3n de las almas\u201d, por lo que puede tambi\u00e9n aplicarse \u201ccomo sufragio por las almas del Purgatorio\u201d.<\/p>\n<p class=\"p2\">Las condiciones para lucrar la Indulgencia Plenaria son las de costumbre:<\/p>\n<p>&nbsp;<\/p>\n<p class=\"p2\">Confesi\u00f3n sacramental<\/p>\n<p class=\"p2\">Comuni\u00f3n eucar\u00edstica<\/p>\n<p class=\"p2\">Oraci\u00f3n seg\u00fan las intenciones del Sumo Pont\u00edfice.<\/p>\n<p>&nbsp;<\/p>\n<p class=\"p2\">La podr\u00e1n aplicar los abuelos, los mayores y a todos los fieles que, movidos por un verdadero esp\u00edritu de penitencia y caridad, participen el 28 de julio de 2024.<\/p>\n","protected":false},"excerpt":{"rendered":"<p>ESNE\/Vatican News La IV Jornada Mundial de los Abuelos y de los Ancianos, instituida por el Papa Francisco el cuarto domingo de julio, tendr\u00e1 como lema \u201cEn la vejez no me abandones\u201d. La Penitenciaria Apost\u00f3lica concede por tanto la Indulgencia Plenaria.\u00a0 La Penitenciar\u00eda Apost\u00f3lica concede \u201cla Indulgencia Plenaria, en las condiciones habituales (confesi\u00f3n sacramental, comuni\u00f3n [&hellip;]<\/p>\n","protected":false},"author":1,"featured_media":748,"comment_status":"closed","ping_status":"closed","sticky":false,"template":"","format":"standard","meta":{"ocean_post_layout":"","ocean_both_sidebars_style":"","ocean_both_sidebars_content_width":0,"ocean_both_sidebars_sidebars_width":0,"ocean_sidebar":"0","ocean_second_sidebar":"0","ocean_disable_margins":"enable","ocean_add_body_class":"","ocean_shortcode_before_top_bar":"","ocean_shortcode_after_top_bar":"","ocean_shortcode_before_header":"","ocean_shortcode_after_header":"","ocean_has_shortcode":"","ocean_shortcode_after_title":"","ocean_shortcode_before_footer_widgets":"","ocean_shortcode_after_footer_widgets":"","ocean_shortcode_before_footer_bottom":"","ocean_shortcode_after_footer_bottom":"","ocean_display_top_bar":"default","ocean_display_header":"default","ocean_header_style":"","ocean_center_header_left_menu":"0","ocean_custom_header_template":"0","ocean_custom_logo":0,"ocean_custom_retina_logo":0,"ocean_custom_logo_max_width":0,"ocean_custom_logo_tablet_max_width":0,"ocean_custom_logo_mobile_max_width":0,"ocean_custom_logo_max_height":0,"ocean_custom_logo_tablet_max_height":0,"ocean_custom_logo_mobile_max_height":0,"ocean_header_custom_menu":"0","ocean_menu_typo_font_family":"0","ocean_menu_typo_font_subset":"","ocean_menu_typo_font_size":0,"ocean_menu_typo_font_size_tablet":0,"ocean_menu_typo_font_size_mobile":0,"ocean_menu_typo_font_size_unit":"px","ocean_menu_typo_font_weight":"","ocean_menu_typo_font_weight_tablet":"","ocean_menu_typo_font_weight_mobile":"","ocean_menu_typo_transform":"","ocean_menu_typo_transform_tablet":"","ocean_menu_typo_transform_mobile":"","ocean_menu_typo_line_height":0,"ocean_menu_typo_line_height_tablet":0,"ocean_menu_typo_line_height_mobile":0,"ocean_menu_typo_line_height_unit":"","ocean_menu_typo_spacing":0,"ocean_menu_typo_spacing_tablet":0,"ocean_menu_typo_spacing_mobile":0,"ocean_menu_typo_spacing_unit":"","ocean_menu_link_color":"","ocean_menu_link_color_hover":"","ocean_menu_link_color_active":"","ocean_menu_link_background":"","ocean_menu_link_hover_background":"","ocean_menu_link_active_background":"","ocean_menu_social_links_bg":"","ocean_menu_social_hover_links_bg":"","ocean_menu_social_links_color":"","ocean_menu_social_hover_links_color":"","ocean_disable_title":"default","ocean_disable_heading":"default","ocean_post_title":"","ocean_post_subheading":"","ocean_post_title_style":"","ocean_post_title_background_color":"","ocean_post_title_background":0,"ocean_post_title_bg_image_position":"","ocean_post_title_bg_image_attachment":"","ocean_post_title_bg_image_repeat":"","ocean_post_title_bg_image_size":"","ocean_post_title_height":0,"ocean_post_title_bg_overlay":0.5,"ocean_post_title_bg_overlay_color":"","ocean_disable_breadcrumbs":"default","ocean_breadcrumbs_color":"","ocean_breadcrumbs_separator_color":"","ocean_breadcrumbs_links_color":"","ocean_breadcrumbs_links_hover_color":"","ocean_display_footer_widgets":"default","ocean_display_footer_bottom":"default","ocean_custom_footer_template":"0","ocean_post_oembed":"","ocean_post_self_hosted_media":"","ocean_post_video_embed":"","ocean_link_format":"","ocean_link_format_target":"self","ocean_quote_format":"","ocean_quote_format_link":"post","ocean_gallery_link_images":"on","ocean_gallery_id":[],"footnotes":""},"categories":[5],"tags":[9,10,14,12,16,13,15,11],"class_list":["post-747","post","type-post","status-publish","format-standard","has-post-thumbnail","hentry","category-el-vaticano","tag-comunion-eucaristica","tag-confesion-sacramental","tag-indulgencia","tag-intenciones","tag-jornada-mundial","tag-oracion","tag-plenaria","tag-sumo-pontifice","entry","has-media"],"publishpress_future_action":{"enabled":false,"date":"2026-05-09 12:18:18","action":"change-status","newStatus":"draft","terms":[],"taxonomy":"category","extraData":[]},"publishpress_future_workflow_manual_trigger":{"enabledWorkflows":[]},"_links":{"self":[{"href":"https:\/\/elsembradorministries.com\/esne\/desde-el-vaticano\/wp-json\/wp\/v2\/posts\/747","targetHints":{"allow":["GET"]}}],"collection":[{"href":"https:\/\/elsembradorministries.com\/esne\/desde-el-vaticano\/wp-json\/wp\/v2\/posts"}],"about":[{"href":"https:\/\/elsembradorministries.com\/esne\/desde-el-vaticano\/wp-json\/wp\/v2\/types\/post"}],"author":[{"embeddable":true,"href":"https:\/\/elsembradorministries.com\/esne\/desde-el-vaticano\/wp-json\/wp\/v2\/users\/1"}],"replies":[{"embeddable":true,"href":"https:\/\/elsembradorministries.com\/esne\/desde-el-vaticano\/wp-json\/wp\/v2\/comments?post=747"}],"version-history":[{"count":6,"href":"https:\/\/elsembradorministries.com\/esne\/desde-el-vaticano\/wp-json\/wp\/v2\/posts\/747\/revisions"}],"predecessor-version":[{"id":754,"href":"https:\/\/elsembradorministries.com\/esne\/desde-el-vaticano\/wp-json\/wp\/v2\/posts\/747\/revisions\/754"}],"wp:featuredmedia":[{"embeddable":true,"href":"https:\/\/elsembradorministries.com\/esne\/desde-el-vaticano\/wp-json\/wp\/v2\/media\/748"}],"wp:attachment":[{"href":"https:\/\/elsembradorministries.com\/esne\/desde-el-vaticano\/wp-json\/wp\/v2\/media?parent=747"}],"wp:term":[{"taxonomy":"category","embeddable":true,"href":"https:\/\/elsembradorministries.com\/esne\/desde-el-vaticano\/wp-json\/wp\/v2\/categories?post=747"},{"taxonomy":"post_tag","embeddable":true,"href":"https:\/\/elsembradorministries.com\/esne\/desde-el-vaticano\/wp-json\/wp\/v2\/tags?post=747"}],"curies":[{"name":"wp","href":"https:\/\/api.w.org\/{rel}","templated":true}]}}