{"id":773,"date":"2024-08-01T23:42:30","date_gmt":"2024-08-01T23:42:30","guid":{"rendered":"https:\/\/elsembradorministries.com\/esne\/desde-el-vaticano\/?p=773"},"modified":"2024-08-02T00:04:25","modified_gmt":"2024-08-02T00:04:25","slug":"venezuela-dar-testimonio-de-convivencia-democratica","status":"publish","type":"post","link":"https:\/\/elsembradorministries.com\/esne\/desde-el-vaticano\/venezuela-dar-testimonio-de-convivencia-democratica\/","title":{"rendered":"Venezuela: \u201cdar testimonio de convivencia democr\u00e1tica\u201d"},"content":{"rendered":"<p class=\"p1\" style=\"text-align: right\">ESNE\/Vatican News<\/p>\n<p class=\"p3\">De plena de todos los actores pol\u00edticos para superar la crisis generada en las elecciones presidenciales.<\/p>\n<p class=\"p3\">Monse\u00f1or Cruz Serrano felicit\u00f3 \u201cla vocaci\u00f3n democr\u00e1tica del pueblo venezolano, demostrada en la masiva, activa y c\u00edvica participaci\u00f3n de todos los venezolanos en el proceso electoral\u201d.<\/p>\n<p class=\"p3\">La Santa Sede sostiene que \u201csolamente el di\u00e1logo y la participaci\u00f3n activa y plena de todos los actores pol\u00edticos implicados en este proceso podr\u00eda llevar a superar la situaci\u00f3n presente y dar testimonio de la convivencia democr\u00e1tica en el Pa\u00eds\u201d.<\/p>\n<p class=\"p3\">El Ministerio P\u00fablico de Venezuela, inform\u00f3 que 1062 personas han sido encarceladas en <a href=\"https:\/\/www.vaticannews.va\/es\/mundo\/news\/2024-07\/venezuela-aumentan-victimas-heridos-protestan-post-electorales.html\"><span class=\"s1\">las protestas<\/span><\/a> que se produjeron despu\u00e9s de las elecciones del 28 de julio, que adjudicaron la victoria a Nicol\u00e1s Maduro.<\/p>\n<p class=\"p3\">Los Obispos venezolanos en reiteraron su llamado a \u201chacer relucir la voluntad popular expresada en las urnas. Esta no es s\u00f3lo una exigencia de la legislaci\u00f3n venezolana, sino tambi\u00e9n \u00e9tica\u201d.<\/p>\n","protected":false},"excerpt":{"rendered":"<p>ESNE\/Vatican News De plena de todos los actores pol\u00edticos para superar la crisis generada en las elecciones presidenciales. Monse\u00f1or Cruz Serrano felicit\u00f3 \u201cla vocaci\u00f3n democr\u00e1tica del pueblo venezolano, demostrada en la masiva, activa y c\u00edvica participaci\u00f3n de todos los venezolanos en el proceso electoral\u201d. La Santa Sede sostiene que \u201csolamente el di\u00e1logo y la participaci\u00f3n [&hellip;]<\/p>\n","protected":false},"author":192,"featured_media":786,"comment_status":"closed","ping_status":"closed","sticky":false,"template":"","format":"standard","meta":{"ocean_post_layout":"","ocean_both_sidebars_style":"","ocean_both_sidebars_content_width":0,"ocean_both_sidebars_sidebars_width":0,"ocean_sidebar":"","ocean_second_sidebar":"","ocean_disable_margins":"enable","ocean_add_body_class":"","ocean_shortcode_before_top_bar":"","ocean_shortcode_after_top_bar":"","ocean_shortcode_before_header":"","ocean_shortcode_after_header":"","ocean_has_shortcode":"","ocean_shortcode_after_title":"","ocean_shortcode_before_footer_widgets":"","ocean_shortcode_after_footer_widgets":"","ocean_shortcode_before_footer_bottom":"","ocean_shortcode_after_footer_bottom":"","ocean_display_top_bar":"default","ocean_display_header":"default","ocean_header_style":"","ocean_center_header_left_menu":"","ocean_custom_header_template":"","ocean_custom_logo":0,"ocean_custom_retina_logo":0,"ocean_custom_logo_max_width":0,"ocean_custom_logo_tablet_max_width":0,"ocean_custom_logo_mobile_max_width":0,"ocean_custom_logo_max_height":0,"ocean_custom_logo_tablet_max_height":0,"ocean_custom_logo_mobile_max_height":0,"ocean_header_custom_menu":"","ocean_menu_typo_font_family":"","ocean_menu_typo_font_subset":"","ocean_menu_typo_font_size":0,"ocean_menu_typo_font_size_tablet":0,"ocean_menu_typo_font_size_mobile":0,"ocean_menu_typo_font_size_unit":"px","ocean_menu_typo_font_weight":"","ocean_menu_typo_font_weight_tablet":"","ocean_menu_typo_font_weight_mobile":"","ocean_menu_typo_transform":"","ocean_menu_typo_transform_tablet":"","ocean_menu_typo_transform_mobile":"","ocean_menu_typo_line_height":0,"ocean_menu_typo_line_height_tablet":0,"ocean_menu_typo_line_height_mobile":0,"ocean_menu_typo_line_height_unit":"","ocean_menu_typo_spacing":0,"ocean_menu_typo_spacing_tablet":0,"ocean_menu_typo_spacing_mobile":0,"ocean_menu_typo_spacing_unit":"","ocean_menu_link_color":"","ocean_menu_link_color_hover":"","ocean_menu_link_color_active":"","ocean_menu_link_background":"","ocean_menu_link_hover_background":"","ocean_menu_link_active_background":"","ocean_menu_social_links_bg":"","ocean_menu_social_hover_links_bg":"","ocean_menu_social_links_color":"","ocean_menu_social_hover_links_color":"","ocean_disable_title":"default","ocean_disable_heading":"default","ocean_post_title":"","ocean_post_subheading":"","ocean_post_title_style":"","ocean_post_title_background_color":"","ocean_post_title_background":0,"ocean_post_title_bg_image_position":"","ocean_post_title_bg_image_attachment":"","ocean_post_title_bg_image_repeat":"","ocean_post_title_bg_image_size":"","ocean_post_title_height":0,"ocean_post_title_bg_overlay":0.5,"ocean_post_title_bg_overlay_color":"","ocean_disable_breadcrumbs":"default","ocean_breadcrumbs_color":"","ocean_breadcrumbs_separator_color":"","ocean_breadcrumbs_links_color":"","ocean_breadcrumbs_links_hover_color":"","ocean_display_footer_widgets":"default","ocean_display_footer_bottom":"default","ocean_custom_footer_template":"","ocean_post_oembed":"","ocean_post_self_hosted_media":"","ocean_post_video_embed":"","ocean_link_format":"","ocean_link_format_target":"self","ocean_quote_format":"","ocean_quote_format_link":"post","ocean_gallery_link_images":"on","ocean_gallery_id":[],"footnotes":""},"categories":[5],"tags":[20,22,17,19,18,21],"class_list":["post-773","post","type-post","status-publish","format-standard","has-post-thumbnail","hentry","category-el-vaticano","tag-cruz-serrano","tag-el-ministerio-publico-de-venezuela","tag-elecciones-presidenciales","tag-la-santa-sede","tag-nicolas-maduro","tag-vocacion-democratica","entry","has-media"],"publishpress_future_action":{"enabled":false,"date":"2026-05-08 15:37:11","action":"change-status","newStatus":"draft","terms":[],"taxonomy":"category","extraData":[]},"publishpress_future_workflow_manual_trigger":{"enabledWorkflows":[]},"_links":{"self":[{"href":"https:\/\/elsembradorministries.com\/esne\/desde-el-vaticano\/wp-json\/wp\/v2\/posts\/773","targetHints":{"allow":["GET"]}}],"collection":[{"href":"https:\/\/elsembradorministries.com\/esne\/desde-el-vaticano\/wp-json\/wp\/v2\/posts"}],"about":[{"href":"https:\/\/elsembradorministries.com\/esne\/desde-el-vaticano\/wp-json\/wp\/v2\/types\/post"}],"author":[{"embeddable":true,"href":"https:\/\/elsembradorministries.com\/esne\/desde-el-vaticano\/wp-json\/wp\/v2\/users\/192"}],"replies":[{"embeddable":true,"href":"https:\/\/elsembradorministries.com\/esne\/desde-el-vaticano\/wp-json\/wp\/v2\/comments?post=773"}],"version-history":[{"count":6,"href":"https:\/\/elsembradorministries.com\/esne\/desde-el-vaticano\/wp-json\/wp\/v2\/posts\/773\/revisions"}],"predecessor-version":[{"id":784,"href":"https:\/\/elsembradorministries.com\/esne\/desde-el-vaticano\/wp-json\/wp\/v2\/posts\/773\/revisions\/784"}],"wp:featuredmedia":[{"embeddable":true,"href":"https:\/\/elsembradorministries.com\/esne\/desde-el-vaticano\/wp-json\/wp\/v2\/media\/786"}],"wp:attachment":[{"href":"https:\/\/elsembradorministries.com\/esne\/desde-el-vaticano\/wp-json\/wp\/v2\/media?parent=773"}],"wp:term":[{"taxonomy":"category","embeddable":true,"href":"https:\/\/elsembradorministries.com\/esne\/desde-el-vaticano\/wp-json\/wp\/v2\/categories?post=773"},{"taxonomy":"post_tag","embeddable":true,"href":"https:\/\/elsembradorministries.com\/esne\/desde-el-vaticano\/wp-json\/wp\/v2\/tags?post=773"}],"curies":[{"name":"wp","href":"https:\/\/api.w.org\/{rel}","templated":true}]}}