{"id":89,"date":"2023-06-08T23:32:15","date_gmt":"2023-06-08T23:32:15","guid":{"rendered":"https:\/\/elsembradorministries.com\/esne\/desde-el-vaticano\/?p=89"},"modified":"2023-06-27T17:05:06","modified_gmt":"2023-06-27T17:05:06","slug":"el-papa-francisco-ha-salido-de-su-operacion-y-se-encuentra-estable","status":"publish","type":"post","link":"https:\/\/elsembradorministries.com\/esne\/desde-el-vaticano\/el-papa-francisco-ha-salido-de-su-operacion-y-se-encuentra-estable\/","title":{"rendered":"El Papa Francisco ha salido de su operaci\u00f3n y se encuentra estable"},"content":{"rendered":"<p>El d\u00eda de hoy el Papa Francisco fue operado en el Hospital Gemelli de Roma por una hernia (laparocele incisional) que le hab\u00eda quedado fruto de otras operaciones anteriores. La intervenci\u00f3n se llev\u00f3 a cabo sin complicaciones y ya se encuentra en recuperaci\u00f3n -en incluso bromeando- con el personal m\u00e9dico que lo intervino, refiri\u00f3 el doctor Sergio Alfieri, cirujano que lo oper\u00f3.<\/p>\n<p>No se trataba de una emergencia<br \/>\n&#8220;Si hubiera sido una urgencia, habr\u00edamos intervenido ayer, cuando ingres\u00f3 en el hospital para someterse a un TAC programado&#8221;, dijo el doctor<\/p>\n<p>&#8220;Encontramos varias adherencias fuertes (cicatrices internas) entre algunas asas intestinales medias parcialmente congestionadas y el peritoneo parietal, causantes de los s\u00edntomas mencionados&#8221;, dijo.<\/p>\n<p>El cirujano explic\u00f3 que se extirparon las adherencias y se repar\u00f3 el defecto herniario mediante &#8220;cirug\u00eda pl\u00e1stica de la pared abdominal con ayuda de una malla prot\u00e9sica&#8221;.<\/p>\n<p>Pendiente y en observaci\u00f3n hasta nuevo aviso<br \/>\nEl Papa Francisco continuar\u00e1 bajo observaci\u00f3n y descanso el tiempo ordinario postoperatorio para alcanzar la m\u00e1xima recuperaci\u00f3n, antes de que se sume de nuevo a sus actividades normales dentro del Vaticano.<\/p>\n","protected":false},"excerpt":{"rendered":"<p>El d\u00eda de hoy el Papa Francisco fue operado en el Hospital Gemelli de Roma por una hernia (laparocele incisional) que le hab\u00eda quedado fruto de otras operaciones anteriores. La intervenci\u00f3n se llev\u00f3 a cabo sin complicaciones y ya se encuentra en recuperaci\u00f3n -en incluso bromeando- con el personal m\u00e9dico que lo intervino, refiri\u00f3 el [&hellip;]<\/p>\n","protected":false},"author":1,"featured_media":90,"comment_status":"closed","ping_status":"closed","sticky":false,"template":"","format":"standard","meta":{"ocean_post_layout":"","ocean_both_sidebars_style":"","ocean_both_sidebars_content_width":0,"ocean_both_sidebars_sidebars_width":0,"ocean_sidebar":"0","ocean_second_sidebar":"0","ocean_disable_margins":"enable","ocean_add_body_class":"","ocean_shortcode_before_top_bar":"","ocean_shortcode_after_top_bar":"","ocean_shortcode_before_header":"","ocean_shortcode_after_header":"","ocean_has_shortcode":"","ocean_shortcode_after_title":"","ocean_shortcode_before_footer_widgets":"","ocean_shortcode_after_footer_widgets":"","ocean_shortcode_before_footer_bottom":"","ocean_shortcode_after_footer_bottom":"","ocean_display_top_bar":"default","ocean_display_header":"default","ocean_header_style":"","ocean_center_header_left_menu":"0","ocean_custom_header_template":"0","ocean_custom_logo":0,"ocean_custom_retina_logo":0,"ocean_custom_logo_max_width":0,"ocean_custom_logo_tablet_max_width":0,"ocean_custom_logo_mobile_max_width":0,"ocean_custom_logo_max_height":0,"ocean_custom_logo_tablet_max_height":0,"ocean_custom_logo_mobile_max_height":0,"ocean_header_custom_menu":"0","ocean_menu_typo_font_family":"0","ocean_menu_typo_font_subset":"","ocean_menu_typo_font_size":0,"ocean_menu_typo_font_size_tablet":0,"ocean_menu_typo_font_size_mobile":0,"ocean_menu_typo_font_size_unit":"px","ocean_menu_typo_font_weight":"","ocean_menu_typo_font_weight_tablet":"","ocean_menu_typo_font_weight_mobile":"","ocean_menu_typo_transform":"","ocean_menu_typo_transform_tablet":"","ocean_menu_typo_transform_mobile":"","ocean_menu_typo_line_height":0,"ocean_menu_typo_line_height_tablet":0,"ocean_menu_typo_line_height_mobile":0,"ocean_menu_typo_line_height_unit":"","ocean_menu_typo_spacing":0,"ocean_menu_typo_spacing_tablet":0,"ocean_menu_typo_spacing_mobile":0,"ocean_menu_typo_spacing_unit":"","ocean_menu_link_color":"","ocean_menu_link_color_hover":"","ocean_menu_link_color_active":"","ocean_menu_link_background":"","ocean_menu_link_hover_background":"","ocean_menu_link_active_background":"","ocean_menu_social_links_bg":"","ocean_menu_social_hover_links_bg":"","ocean_menu_social_links_color":"","ocean_menu_social_hover_links_color":"","ocean_disable_title":"default","ocean_disable_heading":"default","ocean_post_title":"","ocean_post_subheading":"","ocean_post_title_style":"","ocean_post_title_background_color":"","ocean_post_title_background":0,"ocean_post_title_bg_image_position":"","ocean_post_title_bg_image_attachment":"","ocean_post_title_bg_image_repeat":"","ocean_post_title_bg_image_size":"","ocean_post_title_height":0,"ocean_post_title_bg_overlay":0.5,"ocean_post_title_bg_overlay_color":"","ocean_disable_breadcrumbs":"default","ocean_breadcrumbs_color":"","ocean_breadcrumbs_separator_color":"","ocean_breadcrumbs_links_color":"","ocean_breadcrumbs_links_hover_color":"","ocean_display_footer_widgets":"default","ocean_display_footer_bottom":"default","ocean_custom_footer_template":"0","ocean_post_oembed":"","ocean_post_self_hosted_media":"","ocean_post_video_embed":"","ocean_link_format":"","ocean_link_format_target":"self","ocean_quote_format":"","ocean_quote_format_link":"post","ocean_gallery_link_images":"off","ocean_gallery_id":[],"footnotes":""},"categories":[5],"tags":[],"class_list":["post-89","post","type-post","status-publish","format-standard","has-post-thumbnail","hentry","category-el-vaticano","entry","has-media"],"publishpress_future_action":{"enabled":false,"date":"2026-05-06 22:31:08","action":"change-status","newStatus":"draft","terms":[],"taxonomy":"category","extraData":[]},"publishpress_future_workflow_manual_trigger":{"enabledWorkflows":[]},"_links":{"self":[{"href":"https:\/\/elsembradorministries.com\/esne\/desde-el-vaticano\/wp-json\/wp\/v2\/posts\/89","targetHints":{"allow":["GET"]}}],"collection":[{"href":"https:\/\/elsembradorministries.com\/esne\/desde-el-vaticano\/wp-json\/wp\/v2\/posts"}],"about":[{"href":"https:\/\/elsembradorministries.com\/esne\/desde-el-vaticano\/wp-json\/wp\/v2\/types\/post"}],"author":[{"embeddable":true,"href":"https:\/\/elsembradorministries.com\/esne\/desde-el-vaticano\/wp-json\/wp\/v2\/users\/1"}],"replies":[{"embeddable":true,"href":"https:\/\/elsembradorministries.com\/esne\/desde-el-vaticano\/wp-json\/wp\/v2\/comments?post=89"}],"version-history":[{"count":2,"href":"https:\/\/elsembradorministries.com\/esne\/desde-el-vaticano\/wp-json\/wp\/v2\/posts\/89\/revisions"}],"predecessor-version":[{"id":303,"href":"https:\/\/elsembradorministries.com\/esne\/desde-el-vaticano\/wp-json\/wp\/v2\/posts\/89\/revisions\/303"}],"wp:featuredmedia":[{"embeddable":true,"href":"https:\/\/elsembradorministries.com\/esne\/desde-el-vaticano\/wp-json\/wp\/v2\/media\/90"}],"wp:attachment":[{"href":"https:\/\/elsembradorministries.com\/esne\/desde-el-vaticano\/wp-json\/wp\/v2\/media?parent=89"}],"wp:term":[{"taxonomy":"category","embeddable":true,"href":"https:\/\/elsembradorministries.com\/esne\/desde-el-vaticano\/wp-json\/wp\/v2\/categories?post=89"},{"taxonomy":"post_tag","embeddable":true,"href":"https:\/\/elsembradorministries.com\/esne\/desde-el-vaticano\/wp-json\/wp\/v2\/tags?post=89"}],"curies":[{"name":"wp","href":"https:\/\/api.w.org\/{rel}","templated":true}]}}