{"id":907,"date":"2024-12-12T21:14:41","date_gmt":"2024-12-12T21:14:41","guid":{"rendered":"https:\/\/elsembradorministries.com\/esne\/desde-el-vaticano\/?p=907"},"modified":"2024-12-12T21:14:41","modified_gmt":"2024-12-12T21:14:41","slug":"momento-delicado-en-la-historia-de-siria-deseo-una-solucion-politica","status":"publish","type":"post","link":"https:\/\/elsembradorministries.com\/esne\/desde-el-vaticano\/momento-delicado-en-la-historia-de-siria-deseo-una-solucion-politica\/","title":{"rendered":"Momento delicado en la historia de Siria, deseo una soluci\u00f3n pol\u00edtica"},"content":{"rendered":"<p style=\"text-align: right\">Secci\u00f3n noticias ESNE\/<\/p>\n<p style=\"text-align: right\">Fuente: Vatican News<\/p>\n<p>El Papa, al final de la audiencia general de hoy, 11 de diciembre, en el Aula Pablo VI, dice estar siguiendo estos acontecimientos en el pa\u00eds, donde ayer Muhammad al Bashir fue nombrado formalmente Primer Ministro del gobierno de transici\u00f3n sirio.<\/p>\n<p>&#8220;Espero que se alcance una soluci\u00f3n pol\u00edtica que, sin m\u00e1s conflictos ni divisiones, promueva responsablemente la estabilidad y la unidad del pa\u00eds&#8221;.<\/p>\n<p><strong>Respeto entre religiones<\/strong><\/p>\n<p>El pensamiento del Papa se dirige sobre todo al pueblo sirio, al que encomienda a la intercesi\u00f3n de la Virgen Mar\u00eda &#8211; para que, dice &#8211; \u00abpueda experimentar la paz y la seguridad en su amada tierra\u00bb. Al igual que hizo ayer el cardenal secretario de Estado, Pietro Parolin, el Pont\u00edfice lanza tambi\u00e9n un llamamiento en favor de las minor\u00edas religiosas.<\/p>\n<p>&#8220;Que las diferentes religiones caminen juntas en la amistad y el respeto mutuo por el bien de esa naci\u00f3n afligida por tantos a\u00f1os de guerra\u00bb&#8221;.<\/p>\n<p><strong>\u00abQue vuelva la paz\u00bb<\/strong><\/p>\n<p>El Papa mencion\u00f3 Palestina, Israel, Myanmar, y vuelve a implorar la paz para estos territorios: \u00abQue vuelva la paz, que haya paz.\u00bb<\/p>\n<p>&#8220;La guerra es siempre una derrota, recemos por la paz&#8221;.<\/p>\n","protected":false},"excerpt":{"rendered":"<p>Secci\u00f3n noticias ESNE\/ Fuente: Vatican News El Papa, al final de la audiencia general de hoy, 11 de diciembre, en el Aula Pablo VI, dice estar siguiendo estos acontecimientos en el pa\u00eds, donde ayer Muhammad al Bashir fue nombrado formalmente Primer Ministro del gobierno de transici\u00f3n sirio. &#8220;Espero que se alcance una soluci\u00f3n pol\u00edtica que, [&hellip;]<\/p>\n","protected":false},"author":192,"featured_media":924,"comment_status":"closed","ping_status":"closed","sticky":false,"template":"","format":"standard","meta":{"ocean_post_layout":"","ocean_both_sidebars_style":"","ocean_both_sidebars_content_width":0,"ocean_both_sidebars_sidebars_width":0,"ocean_sidebar":"","ocean_second_sidebar":"","ocean_disable_margins":"enable","ocean_add_body_class":"","ocean_shortcode_before_top_bar":"","ocean_shortcode_after_top_bar":"","ocean_shortcode_before_header":"","ocean_shortcode_after_header":"","ocean_has_shortcode":"","ocean_shortcode_after_title":"","ocean_shortcode_before_footer_widgets":"","ocean_shortcode_after_footer_widgets":"","ocean_shortcode_before_footer_bottom":"","ocean_shortcode_after_footer_bottom":"","ocean_display_top_bar":"default","ocean_display_header":"default","ocean_header_style":"","ocean_center_header_left_menu":"","ocean_custom_header_template":"","ocean_custom_logo":0,"ocean_custom_retina_logo":0,"ocean_custom_logo_max_width":0,"ocean_custom_logo_tablet_max_width":0,"ocean_custom_logo_mobile_max_width":0,"ocean_custom_logo_max_height":0,"ocean_custom_logo_tablet_max_height":0,"ocean_custom_logo_mobile_max_height":0,"ocean_header_custom_menu":"","ocean_menu_typo_font_family":"","ocean_menu_typo_font_subset":"","ocean_menu_typo_font_size":0,"ocean_menu_typo_font_size_tablet":0,"ocean_menu_typo_font_size_mobile":0,"ocean_menu_typo_font_size_unit":"px","ocean_menu_typo_font_weight":"","ocean_menu_typo_font_weight_tablet":"","ocean_menu_typo_font_weight_mobile":"","ocean_menu_typo_transform":"","ocean_menu_typo_transform_tablet":"","ocean_menu_typo_transform_mobile":"","ocean_menu_typo_line_height":0,"ocean_menu_typo_line_height_tablet":0,"ocean_menu_typo_line_height_mobile":0,"ocean_menu_typo_line_height_unit":"","ocean_menu_typo_spacing":0,"ocean_menu_typo_spacing_tablet":0,"ocean_menu_typo_spacing_mobile":0,"ocean_menu_typo_spacing_unit":"","ocean_menu_link_color":"","ocean_menu_link_color_hover":"","ocean_menu_link_color_active":"","ocean_menu_link_background":"","ocean_menu_link_hover_background":"","ocean_menu_link_active_background":"","ocean_menu_social_links_bg":"","ocean_menu_social_hover_links_bg":"","ocean_menu_social_links_color":"","ocean_menu_social_hover_links_color":"","ocean_disable_title":"default","ocean_disable_heading":"default","ocean_post_title":"","ocean_post_subheading":"","ocean_post_title_style":"","ocean_post_title_background_color":"","ocean_post_title_background":0,"ocean_post_title_bg_image_position":"","ocean_post_title_bg_image_attachment":"","ocean_post_title_bg_image_repeat":"","ocean_post_title_bg_image_size":"","ocean_post_title_height":0,"ocean_post_title_bg_overlay":0.5,"ocean_post_title_bg_overlay_color":"","ocean_disable_breadcrumbs":"default","ocean_breadcrumbs_color":"","ocean_breadcrumbs_separator_color":"","ocean_breadcrumbs_links_color":"","ocean_breadcrumbs_links_hover_color":"","ocean_display_footer_widgets":"default","ocean_display_footer_bottom":"default","ocean_custom_footer_template":"","ocean_post_oembed":"","ocean_post_self_hosted_media":"","ocean_post_video_embed":"","ocean_link_format":"","ocean_link_format_target":"self","ocean_quote_format":"","ocean_quote_format_link":"post","ocean_gallery_link_images":"on","ocean_gallery_id":[],"footnotes":""},"categories":[4],"tags":[],"class_list":["post-907","post","type-post","status-publish","format-standard","has-post-thumbnail","hentry","category-audiencias-papales","entry","has-media"],"publishpress_future_action":{"enabled":false,"date":"2026-05-08 10:54:26","action":"change-status","newStatus":"draft","terms":[],"taxonomy":"category","extraData":[]},"publishpress_future_workflow_manual_trigger":{"enabledWorkflows":[]},"_links":{"self":[{"href":"https:\/\/elsembradorministries.com\/esne\/desde-el-vaticano\/wp-json\/wp\/v2\/posts\/907","targetHints":{"allow":["GET"]}}],"collection":[{"href":"https:\/\/elsembradorministries.com\/esne\/desde-el-vaticano\/wp-json\/wp\/v2\/posts"}],"about":[{"href":"https:\/\/elsembradorministries.com\/esne\/desde-el-vaticano\/wp-json\/wp\/v2\/types\/post"}],"author":[{"embeddable":true,"href":"https:\/\/elsembradorministries.com\/esne\/desde-el-vaticano\/wp-json\/wp\/v2\/users\/192"}],"replies":[{"embeddable":true,"href":"https:\/\/elsembradorministries.com\/esne\/desde-el-vaticano\/wp-json\/wp\/v2\/comments?post=907"}],"version-history":[{"count":6,"href":"https:\/\/elsembradorministries.com\/esne\/desde-el-vaticano\/wp-json\/wp\/v2\/posts\/907\/revisions"}],"predecessor-version":[{"id":928,"href":"https:\/\/elsembradorministries.com\/esne\/desde-el-vaticano\/wp-json\/wp\/v2\/posts\/907\/revisions\/928"}],"wp:featuredmedia":[{"embeddable":true,"href":"https:\/\/elsembradorministries.com\/esne\/desde-el-vaticano\/wp-json\/wp\/v2\/media\/924"}],"wp:attachment":[{"href":"https:\/\/elsembradorministries.com\/esne\/desde-el-vaticano\/wp-json\/wp\/v2\/media?parent=907"}],"wp:term":[{"taxonomy":"category","embeddable":true,"href":"https:\/\/elsembradorministries.com\/esne\/desde-el-vaticano\/wp-json\/wp\/v2\/categories?post=907"},{"taxonomy":"post_tag","embeddable":true,"href":"https:\/\/elsembradorministries.com\/esne\/desde-el-vaticano\/wp-json\/wp\/v2\/tags?post=907"}],"curies":[{"name":"wp","href":"https:\/\/api.w.org\/{rel}","templated":true}]}}