{"id":931,"date":"2024-12-19T21:42:59","date_gmt":"2024-12-19T21:42:59","guid":{"rendered":"https:\/\/elsembradorministries.com\/esne\/desde-el-vaticano\/?p=931"},"modified":"2024-12-19T21:42:59","modified_gmt":"2024-12-19T21:42:59","slug":"nuevo-ciclo-de-catequesis-evangelio-sobre-la-infancia-de-jesus","status":"publish","type":"post","link":"https:\/\/elsembradorministries.com\/esne\/desde-el-vaticano\/nuevo-ciclo-de-catequesis-evangelio-sobre-la-infancia-de-jesus\/","title":{"rendered":"Nuevo ciclo de catequesis: Evangelio sobre la infancia de Jes\u00fas"},"content":{"rendered":"<p><em><span style=\"font-weight: 400;\">El Papa Francisco inicia hoy un nuevo ciclo de catequesis, que se desarrollar\u00e1 durante todo el A\u00f1o Jubilar: \u00abJesucristo nuestra esperanza\u00bb. Comienza con el evangelio de San Mateo en esta primera parte de la infancia de Jes\u00fas<\/span><\/em><\/p>\n<p style=\"text-align: right;\"><span style=\"font-weight: 400;\">Fuente: Vatican News<\/span><\/p>\n<p>&nbsp;<\/p>\n<p style=\"text-align: justify;\"><span style=\"font-weight: 400;\">El Papa Francisco anunci\u00f3 que a partir de hoy comienza un nuevo ciclo de catequesis que ser\u00e1 el tema durante todo el a\u00f1o jubilar. La primera parte, afirm\u00f3, tratar\u00e1 de la infancia de Jes\u00fas, que nos narran los evangelistas Mateo y Lucas (cf. Mt 1-2; Lc 1-2).<\/span><\/p>\n<p style=\"text-align: justify;\"><i><span style=\"font-weight: 400;\">\u201cLos Evangelios de la infancia relatan la concepci\u00f3n virginal de Jes\u00fas y su nacimiento del vientre de Mar\u00eda; recuerdan las profec\u00edas mesi\u00e1nicas cumplidas en \u00e9l y hablan de la paternidad legal de Jos\u00e9, que injert\u00f3 al Hijo de Dios en el \u00abtronco\u00bb de la dinast\u00eda dav\u00eddica. Se nos presenta a un Jes\u00fas reci\u00e9n nacido, ni\u00f1o y adolescente, sumiso a sus padres y, al mismo tiempo, consciente de que est\u00e1 totalmente entregado al Padre y a su Reino\u201d.<\/span><\/i><\/p>\n<p style=\"text-align: justify;\"><span style=\"font-weight: 400;\">La diferencia entre los dos evangelistas, se\u00f1al\u00f3 Francisco, es que mientras Lucas relata los acontecimientos a trav\u00e9s de los ojos de Mar\u00eda, Mateo lo hace a trav\u00e9s de los de Jos\u00e9, insistiendo en una paternidad tan in\u00e9dita.<\/span><\/p>\n<p style=\"text-align: justify;\"><span style=\"font-weight: 400;\">Mateo abre su Evangelio y todo el canon del Nuevo Testamento con la \u00abgenealog\u00eda de Jesucristo hijo de David, hijo de Abraham\u00bb (Mateo 1,1). Se trata de una lista de nombres ya presentes en las Escrituras hebreas, para mostrar la verdad de la historia de Cristo.<\/span><\/p>\n<p style=\"text-align: justify;\"><span style=\"font-weight: 400;\">Francisco explic\u00f3 tambi\u00e9n la diferencia que existe entre las genealog\u00edas del Antiguo Testamento, donde s\u00f3lo aparecen nombres masculinos pues, en la lista de Mateo, en los antepasados de Jes\u00fas tambi\u00e9n aparecen mujeres.<\/span><\/p>\n<p style=\"text-align: justify;\"><i><span style=\"font-weight: 400;\">\u201cEncontramos a cinco de ellas: <\/span><\/i><b><i>Tamar<\/i><\/b><i><span style=\"font-weight: 400;\">, la nuera de Jud\u00e1 que, al quedarse viuda, se hace pasar por prostituta para asegurar una descendencia a su marido (cf. Gn 38); <\/span><\/i><b><i>Racab<\/i><\/b><i><span style=\"font-weight: 400;\">, la prostituta de Jeric\u00f3 que permite a los exploradores jud\u00edos entrar en la tierra prometida y conquistarla (cf. Stg 2); <\/span><\/i><b><i>Rut<\/i><\/b><i><span style=\"font-weight: 400;\">, la moabita que, en el hom\u00f3nimo libro, permanece fiel a su suegra, cuida de ella y se convertir\u00e1 en bisabuela del rey David; <\/span><\/i><b><i>Betsab\u00e9<\/i><\/b><i><span style=\"font-weight: 400;\">, con la que David comete adulterio y, tras hacer matar a su marido, genera a Salom\u00f3n (cf. 2 Sam 11); y, por \u00faltimo, <\/span><\/i><b><i>Mar\u00eda<\/i><\/b><i><span style=\"font-weight: 400;\"> de Nazaret, esposa de Jos\u00e9, de la casa de David: de ella nace el Mes\u00edas, Jes\u00fas\u201d<\/span><\/i><\/p>\n<p style=\"text-align: justify;\"><span style=\"font-weight: 400;\">El Hijo de Dios, consagrado al Padre con la misi\u00f3n de revelar su rostro, dijo por \u00faltimo el Papa, entra en el mundo como todos los hijos del ser humano, hasta el punto de que en Nazaret se le llamar\u00e1 \u00abhijo de Jos\u00e9\u00bb o \u00abhijo del carpintero\u00bb. Verdadero Dios y verdadero hombre.<\/span><\/p>\n","protected":false},"excerpt":{"rendered":"<p>El Papa Francisco inicia hoy un nuevo ciclo de catequesis, que se desarrollar\u00e1 durante todo el A\u00f1o Jubilar: \u00abJesucristo nuestra esperanza\u00bb. Comienza con el evangelio de San Mateo en esta primera parte de la infancia de Jes\u00fas Fuente: Vatican News &nbsp; El Papa Francisco anunci\u00f3 que a partir de hoy comienza un nuevo ciclo de [&hellip;]<\/p>\n","protected":false},"author":1,"featured_media":934,"comment_status":"closed","ping_status":"closed","sticky":false,"template":"","format":"standard","meta":{"ocean_post_layout":"","ocean_both_sidebars_style":"","ocean_both_sidebars_content_width":0,"ocean_both_sidebars_sidebars_width":0,"ocean_sidebar":"0","ocean_second_sidebar":"0","ocean_disable_margins":"enable","ocean_add_body_class":"","ocean_shortcode_before_top_bar":"","ocean_shortcode_after_top_bar":"","ocean_shortcode_before_header":"","ocean_shortcode_after_header":"","ocean_has_shortcode":"","ocean_shortcode_after_title":"","ocean_shortcode_before_footer_widgets":"","ocean_shortcode_after_footer_widgets":"","ocean_shortcode_before_footer_bottom":"","ocean_shortcode_after_footer_bottom":"","ocean_display_top_bar":"default","ocean_display_header":"default","ocean_header_style":"","ocean_center_header_left_menu":"0","ocean_custom_header_template":"0","ocean_custom_logo":0,"ocean_custom_retina_logo":0,"ocean_custom_logo_max_width":0,"ocean_custom_logo_tablet_max_width":0,"ocean_custom_logo_mobile_max_width":0,"ocean_custom_logo_max_height":0,"ocean_custom_logo_tablet_max_height":0,"ocean_custom_logo_mobile_max_height":0,"ocean_header_custom_menu":"0","ocean_menu_typo_font_family":"0","ocean_menu_typo_font_subset":"","ocean_menu_typo_font_size":0,"ocean_menu_typo_font_size_tablet":0,"ocean_menu_typo_font_size_mobile":0,"ocean_menu_typo_font_size_unit":"px","ocean_menu_typo_font_weight":"","ocean_menu_typo_font_weight_tablet":"","ocean_menu_typo_font_weight_mobile":"","ocean_menu_typo_transform":"","ocean_menu_typo_transform_tablet":"","ocean_menu_typo_transform_mobile":"","ocean_menu_typo_line_height":0,"ocean_menu_typo_line_height_tablet":0,"ocean_menu_typo_line_height_mobile":0,"ocean_menu_typo_line_height_unit":"","ocean_menu_typo_spacing":0,"ocean_menu_typo_spacing_tablet":0,"ocean_menu_typo_spacing_mobile":0,"ocean_menu_typo_spacing_unit":"","ocean_menu_link_color":"","ocean_menu_link_color_hover":"","ocean_menu_link_color_active":"","ocean_menu_link_background":"","ocean_menu_link_hover_background":"","ocean_menu_link_active_background":"","ocean_menu_social_links_bg":"","ocean_menu_social_hover_links_bg":"","ocean_menu_social_links_color":"","ocean_menu_social_hover_links_color":"","ocean_disable_title":"default","ocean_disable_heading":"default","ocean_post_title":"","ocean_post_subheading":"","ocean_post_title_style":"","ocean_post_title_background_color":"","ocean_post_title_background":0,"ocean_post_title_bg_image_position":"","ocean_post_title_bg_image_attachment":"","ocean_post_title_bg_image_repeat":"","ocean_post_title_bg_image_size":"","ocean_post_title_height":0,"ocean_post_title_bg_overlay":0.5,"ocean_post_title_bg_overlay_color":"","ocean_disable_breadcrumbs":"default","ocean_breadcrumbs_color":"","ocean_breadcrumbs_separator_color":"","ocean_breadcrumbs_links_color":"","ocean_breadcrumbs_links_hover_color":"","ocean_display_footer_widgets":"default","ocean_display_footer_bottom":"default","ocean_custom_footer_template":"0","ocean_post_oembed":"","ocean_post_self_hosted_media":"","ocean_post_video_embed":"","ocean_link_format":"","ocean_link_format_target":"self","ocean_quote_format":"","ocean_quote_format_link":"post","ocean_gallery_link_images":"on","ocean_gallery_id":[],"footnotes":""},"categories":[4],"tags":[],"class_list":["post-931","post","type-post","status-publish","format-standard","has-post-thumbnail","hentry","category-audiencias-papales","entry","has-media"],"publishpress_future_action":{"enabled":false,"date":"2026-05-07 08:44:50","action":"change-status","newStatus":"draft","terms":[],"taxonomy":"category","extraData":[]},"publishpress_future_workflow_manual_trigger":{"enabledWorkflows":[]},"_links":{"self":[{"href":"https:\/\/elsembradorministries.com\/esne\/desde-el-vaticano\/wp-json\/wp\/v2\/posts\/931","targetHints":{"allow":["GET"]}}],"collection":[{"href":"https:\/\/elsembradorministries.com\/esne\/desde-el-vaticano\/wp-json\/wp\/v2\/posts"}],"about":[{"href":"https:\/\/elsembradorministries.com\/esne\/desde-el-vaticano\/wp-json\/wp\/v2\/types\/post"}],"author":[{"embeddable":true,"href":"https:\/\/elsembradorministries.com\/esne\/desde-el-vaticano\/wp-json\/wp\/v2\/users\/1"}],"replies":[{"embeddable":true,"href":"https:\/\/elsembradorministries.com\/esne\/desde-el-vaticano\/wp-json\/wp\/v2\/comments?post=931"}],"version-history":[{"count":3,"href":"https:\/\/elsembradorministries.com\/esne\/desde-el-vaticano\/wp-json\/wp\/v2\/posts\/931\/revisions"}],"predecessor-version":[{"id":935,"href":"https:\/\/elsembradorministries.com\/esne\/desde-el-vaticano\/wp-json\/wp\/v2\/posts\/931\/revisions\/935"}],"wp:featuredmedia":[{"embeddable":true,"href":"https:\/\/elsembradorministries.com\/esne\/desde-el-vaticano\/wp-json\/wp\/v2\/media\/934"}],"wp:attachment":[{"href":"https:\/\/elsembradorministries.com\/esne\/desde-el-vaticano\/wp-json\/wp\/v2\/media?parent=931"}],"wp:term":[{"taxonomy":"category","embeddable":true,"href":"https:\/\/elsembradorministries.com\/esne\/desde-el-vaticano\/wp-json\/wp\/v2\/categories?post=931"},{"taxonomy":"post_tag","embeddable":true,"href":"https:\/\/elsembradorministries.com\/esne\/desde-el-vaticano\/wp-json\/wp\/v2\/tags?post=931"}],"curies":[{"name":"wp","href":"https:\/\/api.w.org\/{rel}","templated":true}]}}