{"id":941,"date":"2025-01-02T18:41:55","date_gmt":"2025-01-02T18:41:55","guid":{"rendered":"https:\/\/elsembradorministries.com\/esne\/desde-el-vaticano\/?p=941"},"modified":"2025-01-02T18:41:55","modified_gmt":"2025-01-02T18:41:55","slug":"jubileo-2025-abierta-la-puerta-santa-en-santa-maria-la-mayor","status":"publish","type":"post","link":"https:\/\/elsembradorministries.com\/esne\/desde-el-vaticano\/jubileo-2025-abierta-la-puerta-santa-en-santa-maria-la-mayor\/","title":{"rendered":"Jubileo 2025: abierta la Puerta Santa en Santa Mar\u00eda la Mayor"},"content":{"rendered":"<p style=\"text-align: right\"><span style=\"font-weight: 400\">Secci\u00f3n noticias ESNE\/<\/span><\/p>\n<p style=\"text-align: right\"><span style=\"font-weight: 400\">Fuente: Vatican News<\/span><\/p>\n<p><span style=\"font-weight: 400\">&#8220;Todos, sin distinci\u00f3n, estamos llamados a esta misma esperanza. Todos podemos recorrer este camino de gozosa esperanza. Todos. Y Mar\u00eda est\u00e1 al lado de todos, sin excluir a nadie&#8221;. As\u00ed lo record\u00f3 el Cardenal Rolandas Makrickas, arcipreste coadjutor de la Bas\u00edlica Papal de Santa Mar\u00eda la Mayor, durante la santa misa tras la apertura de la cuarta Puerta Santa del Jubileo Ordinario de 2025.<\/span><\/p>\n<p><span style=\"font-weight: 400\">La inauguraci\u00f3n estuvo acompa\u00f1ada por el repique de la hist\u00f3rica campana conocida como &#8220;La Sperduta&#8221; (la Perdida), que regres\u00f3 de los Museos Vaticanos al templo en marzo de 2024, despu\u00e9s de 140 a\u00f1os. El nombre se debe a la peregrina que se perdi\u00f3 en la noche y que, gracias al ta\u00f1ido de la campana, encontr\u00f3 el camino de vuelta a la ciudad.<\/span><\/p>\n<p><span style=\"font-weight: 400\">El Cardenal Makrickas asegur\u00f3 en su homil\u00eda que el sonido de esta campana marca las horas y el tiempo en la Ciudad Eterna. No solo el repique de la &#8220;Sperduta&#8221;, sino tambi\u00e9n las palabras del ap\u00f3stol Pablo: &#8220;Cuando lleg\u00f3 la plenitud de los tiempos, Dios envi\u00f3 a su Hijo, nacido de mujer&#8221;.<\/span><\/p>\n<p><b>Mar\u00eda, arca segura en medio del diluvio<\/b><\/p>\n<p><span style=\"font-weight: 400\">Desde el santuario mariano m\u00e1s antiguo de Occidente, tan querido por el Papa Francisco, quien lo visita antes y despu\u00e9s de cada viaje apost\u00f3lico, el Cardenal Makrickas medit\u00f3 sobre el significado de la imagen de la Salus Populi Romani, venerado en la bas\u00edlica. Este icono, remarc\u00f3, es un s\u00edmbolo de la devoci\u00f3n de Roma y de todos los creyentes del mundo hacia la Virgen Mar\u00eda.<\/span><\/p>\n<p><span style=\"font-weight: 400\">El arcipreste resalt\u00f3 la importancia de la devoci\u00f3n a Mar\u00eda en este A\u00f1o Jubilar, invitando a los peregrinos a acercarse a ella en oraci\u00f3n, especialmente ante el icono de la Salus Populi Romani y la reliquia de la Santa Cuna de Jes\u00fas. La Bas\u00edlica de Santa Mar\u00eda la Mayor, conocida como &#8220;Bel\u00e9n de Occidente&#8221;, simboliza la misi\u00f3n mariana de guiar a todos hacia Cristo, al igual que la Estrella de Bel\u00e9n condujo a los pastores hacia el Salvador.<\/span><\/p>\n","protected":false},"excerpt":{"rendered":"<p>Secci\u00f3n noticias ESNE\/ Fuente: Vatican News &#8220;Todos, sin distinci\u00f3n, estamos llamados a esta misma esperanza. Todos podemos recorrer este camino de gozosa esperanza. Todos. Y Mar\u00eda est\u00e1 al lado de todos, sin excluir a nadie&#8221;. As\u00ed lo record\u00f3 el Cardenal Rolandas Makrickas, arcipreste coadjutor de la Bas\u00edlica Papal de Santa Mar\u00eda la Mayor, durante la [&hellip;]<\/p>\n","protected":false},"author":192,"featured_media":942,"comment_status":"closed","ping_status":"closed","sticky":false,"template":"","format":"standard","meta":{"ocean_post_layout":"","ocean_both_sidebars_style":"","ocean_both_sidebars_content_width":0,"ocean_both_sidebars_sidebars_width":0,"ocean_sidebar":"","ocean_second_sidebar":"","ocean_disable_margins":"enable","ocean_add_body_class":"","ocean_shortcode_before_top_bar":"","ocean_shortcode_after_top_bar":"","ocean_shortcode_before_header":"","ocean_shortcode_after_header":"","ocean_has_shortcode":"","ocean_shortcode_after_title":"","ocean_shortcode_before_footer_widgets":"","ocean_shortcode_after_footer_widgets":"","ocean_shortcode_before_footer_bottom":"","ocean_shortcode_after_footer_bottom":"","ocean_display_top_bar":"default","ocean_display_header":"default","ocean_header_style":"","ocean_center_header_left_menu":"","ocean_custom_header_template":"","ocean_custom_logo":0,"ocean_custom_retina_logo":0,"ocean_custom_logo_max_width":0,"ocean_custom_logo_tablet_max_width":0,"ocean_custom_logo_mobile_max_width":0,"ocean_custom_logo_max_height":0,"ocean_custom_logo_tablet_max_height":0,"ocean_custom_logo_mobile_max_height":0,"ocean_header_custom_menu":"","ocean_menu_typo_font_family":"","ocean_menu_typo_font_subset":"","ocean_menu_typo_font_size":0,"ocean_menu_typo_font_size_tablet":0,"ocean_menu_typo_font_size_mobile":0,"ocean_menu_typo_font_size_unit":"px","ocean_menu_typo_font_weight":"","ocean_menu_typo_font_weight_tablet":"","ocean_menu_typo_font_weight_mobile":"","ocean_menu_typo_transform":"","ocean_menu_typo_transform_tablet":"","ocean_menu_typo_transform_mobile":"","ocean_menu_typo_line_height":0,"ocean_menu_typo_line_height_tablet":0,"ocean_menu_typo_line_height_mobile":0,"ocean_menu_typo_line_height_unit":"","ocean_menu_typo_spacing":0,"ocean_menu_typo_spacing_tablet":0,"ocean_menu_typo_spacing_mobile":0,"ocean_menu_typo_spacing_unit":"","ocean_menu_link_color":"","ocean_menu_link_color_hover":"","ocean_menu_link_color_active":"","ocean_menu_link_background":"","ocean_menu_link_hover_background":"","ocean_menu_link_active_background":"","ocean_menu_social_links_bg":"","ocean_menu_social_hover_links_bg":"","ocean_menu_social_links_color":"","ocean_menu_social_hover_links_color":"","ocean_disable_title":"default","ocean_disable_heading":"default","ocean_post_title":"","ocean_post_subheading":"","ocean_post_title_style":"","ocean_post_title_background_color":"","ocean_post_title_background":0,"ocean_post_title_bg_image_position":"","ocean_post_title_bg_image_attachment":"","ocean_post_title_bg_image_repeat":"","ocean_post_title_bg_image_size":"","ocean_post_title_height":0,"ocean_post_title_bg_overlay":0.5,"ocean_post_title_bg_overlay_color":"","ocean_disable_breadcrumbs":"default","ocean_breadcrumbs_color":"","ocean_breadcrumbs_separator_color":"","ocean_breadcrumbs_links_color":"","ocean_breadcrumbs_links_hover_color":"","ocean_display_footer_widgets":"default","ocean_display_footer_bottom":"default","ocean_custom_footer_template":"","ocean_post_oembed":"","ocean_post_self_hosted_media":"","ocean_post_video_embed":"","ocean_link_format":"","ocean_link_format_target":"self","ocean_quote_format":"","ocean_quote_format_link":"post","ocean_gallery_link_images":"on","ocean_gallery_id":[],"footnotes":""},"categories":[56],"tags":[],"class_list":["post-941","post","type-post","status-publish","format-standard","has-post-thumbnail","hentry","category-otra","entry","has-media"],"publishpress_future_action":{"enabled":false,"date":"2026-05-08 20:29:33","action":"change-status","newStatus":"draft","terms":[],"taxonomy":"category","extraData":[]},"publishpress_future_workflow_manual_trigger":{"enabledWorkflows":[]},"_links":{"self":[{"href":"https:\/\/elsembradorministries.com\/esne\/desde-el-vaticano\/wp-json\/wp\/v2\/posts\/941","targetHints":{"allow":["GET"]}}],"collection":[{"href":"https:\/\/elsembradorministries.com\/esne\/desde-el-vaticano\/wp-json\/wp\/v2\/posts"}],"about":[{"href":"https:\/\/elsembradorministries.com\/esne\/desde-el-vaticano\/wp-json\/wp\/v2\/types\/post"}],"author":[{"embeddable":true,"href":"https:\/\/elsembradorministries.com\/esne\/desde-el-vaticano\/wp-json\/wp\/v2\/users\/192"}],"replies":[{"embeddable":true,"href":"https:\/\/elsembradorministries.com\/esne\/desde-el-vaticano\/wp-json\/wp\/v2\/comments?post=941"}],"version-history":[{"count":5,"href":"https:\/\/elsembradorministries.com\/esne\/desde-el-vaticano\/wp-json\/wp\/v2\/posts\/941\/revisions"}],"predecessor-version":[{"id":947,"href":"https:\/\/elsembradorministries.com\/esne\/desde-el-vaticano\/wp-json\/wp\/v2\/posts\/941\/revisions\/947"}],"wp:featuredmedia":[{"embeddable":true,"href":"https:\/\/elsembradorministries.com\/esne\/desde-el-vaticano\/wp-json\/wp\/v2\/media\/942"}],"wp:attachment":[{"href":"https:\/\/elsembradorministries.com\/esne\/desde-el-vaticano\/wp-json\/wp\/v2\/media?parent=941"}],"wp:term":[{"taxonomy":"category","embeddable":true,"href":"https:\/\/elsembradorministries.com\/esne\/desde-el-vaticano\/wp-json\/wp\/v2\/categories?post=941"},{"taxonomy":"post_tag","embeddable":true,"href":"https:\/\/elsembradorministries.com\/esne\/desde-el-vaticano\/wp-json\/wp\/v2\/tags?post=941"}],"curies":[{"name":"wp","href":"https:\/\/api.w.org\/{rel}","templated":true}]}}