{"id":948,"date":"2025-01-02T18:48:37","date_gmt":"2025-01-02T18:48:37","guid":{"rendered":"https:\/\/elsembradorministries.com\/esne\/desde-el-vaticano\/?p=948"},"modified":"2025-01-02T18:48:37","modified_gmt":"2025-01-02T18:48:37","slug":"dolor-del-papa-por-el-atentado-terrorista-en-nueva-orleans","status":"publish","type":"post","link":"https:\/\/elsembradorministries.com\/esne\/desde-el-vaticano\/dolor-del-papa-por-el-atentado-terrorista-en-nueva-orleans\/","title":{"rendered":"Dolor del Papa por el atentado terrorista en Nueva Orleans"},"content":{"rendered":"<p style=\"text-align: right\"><span style=\"font-weight: 400\">Secci\u00f3n noticias ESNE\/<\/span><\/p>\n<p style=\"text-align: right\"><span style=\"font-weight: 400\">Fuente: Vatican News<\/span><\/p>\n<p><span style=\"font-weight: 400\">En la madrugada del 1 de enero, un hombre -ahora identificado como Shamsud-Din Jabbar, residente en Texas y veterano del ej\u00e9rcito estadounidense- condujo a gran velocidad una camioneta alquilada contra una muchedumbre en el concurrido Barrio Franc\u00e9s de Nueva Orleans donde 15 personas murieron y decenas resultaron heridas.<\/span><\/p>\n<p><span style=\"font-weight: 400\">Posteriormente, fue abatido en un enfrentamiento con la polic\u00eda. Sin embargo, las autoridades han declarado que creen que en el atentado participaron varias personas.<\/span><\/p>\n<p><span style=\"font-weight: 400\">El Papa Francisco se ha declarado &#8220;profundamente entristecido&#8221; al conocer la &#8220;p\u00e9rdida de vidas y los heridos&#8221; causados por un reciente atentado terrorista en la ciudad estadounidense de Nueva Orleans.<\/span><\/p>\n<p><span style=\"font-weight: 400\">En su telegrama, enviado al arzobispo de Nueva Orleans, Monse\u00f1or Gregory Aymond, el Papa asegura a toda la ciudad su &#8220;cercan\u00eda espiritual&#8221;, y encomienda las v\u00edctimas a &#8220;la misericordia amorosa de Dios Todopoderoso&#8221;.<\/span><\/p>\n","protected":false},"excerpt":{"rendered":"<p>Secci\u00f3n noticias ESNE\/ Fuente: Vatican News En la madrugada del 1 de enero, un hombre -ahora identificado como Shamsud-Din Jabbar, residente en Texas y veterano del ej\u00e9rcito estadounidense- condujo a gran velocidad una camioneta alquilada contra una muchedumbre en el concurrido Barrio Franc\u00e9s de Nueva Orleans donde 15 personas murieron y decenas resultaron heridas. Posteriormente, [&hellip;]<\/p>\n","protected":false},"author":192,"featured_media":950,"comment_status":"closed","ping_status":"closed","sticky":false,"template":"","format":"standard","meta":{"ocean_post_layout":"","ocean_both_sidebars_style":"","ocean_both_sidebars_content_width":0,"ocean_both_sidebars_sidebars_width":0,"ocean_sidebar":"","ocean_second_sidebar":"","ocean_disable_margins":"enable","ocean_add_body_class":"","ocean_shortcode_before_top_bar":"","ocean_shortcode_after_top_bar":"","ocean_shortcode_before_header":"","ocean_shortcode_after_header":"","ocean_has_shortcode":"","ocean_shortcode_after_title":"","ocean_shortcode_before_footer_widgets":"","ocean_shortcode_after_footer_widgets":"","ocean_shortcode_before_footer_bottom":"","ocean_shortcode_after_footer_bottom":"","ocean_display_top_bar":"default","ocean_display_header":"default","ocean_header_style":"","ocean_center_header_left_menu":"","ocean_custom_header_template":"","ocean_custom_logo":0,"ocean_custom_retina_logo":0,"ocean_custom_logo_max_width":0,"ocean_custom_logo_tablet_max_width":0,"ocean_custom_logo_mobile_max_width":0,"ocean_custom_logo_max_height":0,"ocean_custom_logo_tablet_max_height":0,"ocean_custom_logo_mobile_max_height":0,"ocean_header_custom_menu":"","ocean_menu_typo_font_family":"","ocean_menu_typo_font_subset":"","ocean_menu_typo_font_size":0,"ocean_menu_typo_font_size_tablet":0,"ocean_menu_typo_font_size_mobile":0,"ocean_menu_typo_font_size_unit":"px","ocean_menu_typo_font_weight":"","ocean_menu_typo_font_weight_tablet":"","ocean_menu_typo_font_weight_mobile":"","ocean_menu_typo_transform":"","ocean_menu_typo_transform_tablet":"","ocean_menu_typo_transform_mobile":"","ocean_menu_typo_line_height":0,"ocean_menu_typo_line_height_tablet":0,"ocean_menu_typo_line_height_mobile":0,"ocean_menu_typo_line_height_unit":"","ocean_menu_typo_spacing":0,"ocean_menu_typo_spacing_tablet":0,"ocean_menu_typo_spacing_mobile":0,"ocean_menu_typo_spacing_unit":"","ocean_menu_link_color":"","ocean_menu_link_color_hover":"","ocean_menu_link_color_active":"","ocean_menu_link_background":"","ocean_menu_link_hover_background":"","ocean_menu_link_active_background":"","ocean_menu_social_links_bg":"","ocean_menu_social_hover_links_bg":"","ocean_menu_social_links_color":"","ocean_menu_social_hover_links_color":"","ocean_disable_title":"default","ocean_disable_heading":"default","ocean_post_title":"","ocean_post_subheading":"","ocean_post_title_style":"","ocean_post_title_background_color":"","ocean_post_title_background":0,"ocean_post_title_bg_image_position":"","ocean_post_title_bg_image_attachment":"","ocean_post_title_bg_image_repeat":"","ocean_post_title_bg_image_size":"","ocean_post_title_height":0,"ocean_post_title_bg_overlay":0.5,"ocean_post_title_bg_overlay_color":"","ocean_disable_breadcrumbs":"default","ocean_breadcrumbs_color":"","ocean_breadcrumbs_separator_color":"","ocean_breadcrumbs_links_color":"","ocean_breadcrumbs_links_hover_color":"","ocean_display_footer_widgets":"default","ocean_display_footer_bottom":"default","ocean_custom_footer_template":"","ocean_post_oembed":"","ocean_post_self_hosted_media":"","ocean_post_video_embed":"","ocean_link_format":"","ocean_link_format_target":"self","ocean_quote_format":"","ocean_quote_format_link":"post","ocean_gallery_link_images":"on","ocean_gallery_id":[],"footnotes":""},"categories":[56],"tags":[23],"class_list":["post-948","post","type-post","status-publish","format-standard","has-post-thumbnail","hentry","category-otra","tag-el-papa","entry","has-media"],"publishpress_future_action":{"enabled":false,"date":"2026-05-08 16:19:07","action":"change-status","newStatus":"draft","terms":[],"taxonomy":"category","extraData":[]},"publishpress_future_workflow_manual_trigger":{"enabledWorkflows":[]},"_links":{"self":[{"href":"https:\/\/elsembradorministries.com\/esne\/desde-el-vaticano\/wp-json\/wp\/v2\/posts\/948","targetHints":{"allow":["GET"]}}],"collection":[{"href":"https:\/\/elsembradorministries.com\/esne\/desde-el-vaticano\/wp-json\/wp\/v2\/posts"}],"about":[{"href":"https:\/\/elsembradorministries.com\/esne\/desde-el-vaticano\/wp-json\/wp\/v2\/types\/post"}],"author":[{"embeddable":true,"href":"https:\/\/elsembradorministries.com\/esne\/desde-el-vaticano\/wp-json\/wp\/v2\/users\/192"}],"replies":[{"embeddable":true,"href":"https:\/\/elsembradorministries.com\/esne\/desde-el-vaticano\/wp-json\/wp\/v2\/comments?post=948"}],"version-history":[{"count":2,"href":"https:\/\/elsembradorministries.com\/esne\/desde-el-vaticano\/wp-json\/wp\/v2\/posts\/948\/revisions"}],"predecessor-version":[{"id":951,"href":"https:\/\/elsembradorministries.com\/esne\/desde-el-vaticano\/wp-json\/wp\/v2\/posts\/948\/revisions\/951"}],"wp:featuredmedia":[{"embeddable":true,"href":"https:\/\/elsembradorministries.com\/esne\/desde-el-vaticano\/wp-json\/wp\/v2\/media\/950"}],"wp:attachment":[{"href":"https:\/\/elsembradorministries.com\/esne\/desde-el-vaticano\/wp-json\/wp\/v2\/media?parent=948"}],"wp:term":[{"taxonomy":"category","embeddable":true,"href":"https:\/\/elsembradorministries.com\/esne\/desde-el-vaticano\/wp-json\/wp\/v2\/categories?post=948"},{"taxonomy":"post_tag","embeddable":true,"href":"https:\/\/elsembradorministries.com\/esne\/desde-el-vaticano\/wp-json\/wp\/v2\/tags?post=948"}],"curies":[{"name":"wp","href":"https:\/\/api.w.org\/{rel}","templated":true}]}}