{"id":958,"date":"2025-01-16T22:46:06","date_gmt":"2025-01-16T22:46:06","guid":{"rendered":"https:\/\/elsembradorministries.com\/esne\/desde-el-vaticano\/?p=958"},"modified":"2025-01-16T22:46:06","modified_gmt":"2025-01-16T22:46:06","slug":"jubileo-llamamientos-del-papa-para-actos-de-clemencia-para-los-encarcelados","status":"publish","type":"post","link":"https:\/\/elsembradorministries.com\/esne\/desde-el-vaticano\/jubileo-llamamientos-del-papa-para-actos-de-clemencia-para-los-encarcelados\/","title":{"rendered":"Jubileo: Llamamientos del Papa para actos de clemencia para los encarcelados"},"content":{"rendered":"<p style=\"text-align: right\"><span style=\"font-weight: 400\">Secci\u00f3n noticias ESNE\/<\/span><\/p>\n<p style=\"text-align: right\"><span style=\"font-weight: 400\">Fuente: Vatican News<\/span><\/p>\n<p><span style=\"font-weight: 400\">El Jubileo es ocasi\u00f3n para obtener la indulgencia que, como dice el C\u00f3digo de Derecho Can\u00f3nico, consiste en la \u00abremisi\u00f3n ante Dios de la pena temporal por los pecados, cuya culpa ya ha sido perdonada, que el fiel, debidamente dispuesto y bajo ciertas condiciones, recibe por intervenci\u00f3n de la Iglesia\u00bb.<\/span><\/p>\n<p><span style=\"font-weight: 400\">En derecho penal, este t\u00e9rmino define una medida de clemencia que conlleva la extinci\u00f3n de la pena impuesta al condenado. La indulgencia y el indulto liberan al hombre de las cadenas, de las consecuencias del pecado o de la culpa.<\/span><\/p>\n<p><b>La atenci\u00f3n de la Iglesia a los encarcelados<\/b><\/p>\n<p><span style=\"font-weight: 400\">La atenci\u00f3n de la Iglesia a nuestros hermanos encarcelados se expresa en obras de misericordia en respuesta al antiguo precepto: &#8220;Visitar a los encarcelados&#8221;. En el Evangelio Jes\u00fas se identifica con el prisionero: \u201cEstuve en la c\u00e1rcel y me visitaste\u201d.<\/span><\/p>\n<p><span style=\"font-weight: 400\">El Papa Francisco pide a los gobiernos que concedan a los presos, durante este Jubileo de la Esperanza, el perd\u00f3n de las penas. \u201cPienso en los presos que, privados de su libertad, experimentan cada d\u00eda, adem\u00e1s de la dureza del confinamiento, el vac\u00edo emocional, las restricciones impuestas y, en muchos casos, la falta de respeto. Propongo a los gobiernos que en el A\u00f1o Jubilar tomen iniciativas que devuelvan la esperanza\u201d.<\/span><\/p>\n<p><span style=\"font-weight: 400\">La petici\u00f3n de los Papas de remisi\u00f3n de las penas durante el Jubileo es tambi\u00e9n una semilla de esperanza para el mundo. No son numerosos, pero no faltan, como tambi\u00e9n lo atestigua la historia, respuestas concretas de los pol\u00edticos a las peticiones de clemencia.\u00a0<\/span><\/p>\n<p><span style=\"font-weight: 400\">Al fin y al cabo, al detenernos en los t\u00e9rminos indulgencia y perd\u00f3n, se trata de dar confianza al hombre que ha tropezado en el camino de la vida. Corresponde entonces a la persona vivir el tiempo de gracia y ser testigo del poder del perd\u00f3n.<\/span><\/p>\n","protected":false},"excerpt":{"rendered":"<p>Secci\u00f3n noticias ESNE\/ Fuente: Vatican News El Jubileo es ocasi\u00f3n para obtener la indulgencia que, como dice el C\u00f3digo de Derecho Can\u00f3nico, consiste en la \u00abremisi\u00f3n ante Dios de la pena temporal por los pecados, cuya culpa ya ha sido perdonada, que el fiel, debidamente dispuesto y bajo ciertas condiciones, recibe por intervenci\u00f3n de la [&hellip;]<\/p>\n","protected":false},"author":192,"featured_media":959,"comment_status":"closed","ping_status":"closed","sticky":false,"template":"","format":"standard","meta":{"ocean_post_layout":"","ocean_both_sidebars_style":"","ocean_both_sidebars_content_width":0,"ocean_both_sidebars_sidebars_width":0,"ocean_sidebar":"","ocean_second_sidebar":"","ocean_disable_margins":"enable","ocean_add_body_class":"","ocean_shortcode_before_top_bar":"","ocean_shortcode_after_top_bar":"","ocean_shortcode_before_header":"","ocean_shortcode_after_header":"","ocean_has_shortcode":"","ocean_shortcode_after_title":"","ocean_shortcode_before_footer_widgets":"","ocean_shortcode_after_footer_widgets":"","ocean_shortcode_before_footer_bottom":"","ocean_shortcode_after_footer_bottom":"","ocean_display_top_bar":"default","ocean_display_header":"default","ocean_header_style":"","ocean_center_header_left_menu":"","ocean_custom_header_template":"","ocean_custom_logo":0,"ocean_custom_retina_logo":0,"ocean_custom_logo_max_width":0,"ocean_custom_logo_tablet_max_width":0,"ocean_custom_logo_mobile_max_width":0,"ocean_custom_logo_max_height":0,"ocean_custom_logo_tablet_max_height":0,"ocean_custom_logo_mobile_max_height":0,"ocean_header_custom_menu":"","ocean_menu_typo_font_family":"","ocean_menu_typo_font_subset":"","ocean_menu_typo_font_size":0,"ocean_menu_typo_font_size_tablet":0,"ocean_menu_typo_font_size_mobile":0,"ocean_menu_typo_font_size_unit":"px","ocean_menu_typo_font_weight":"","ocean_menu_typo_font_weight_tablet":"","ocean_menu_typo_font_weight_mobile":"","ocean_menu_typo_transform":"","ocean_menu_typo_transform_tablet":"","ocean_menu_typo_transform_mobile":"","ocean_menu_typo_line_height":0,"ocean_menu_typo_line_height_tablet":0,"ocean_menu_typo_line_height_mobile":0,"ocean_menu_typo_line_height_unit":"","ocean_menu_typo_spacing":0,"ocean_menu_typo_spacing_tablet":0,"ocean_menu_typo_spacing_mobile":0,"ocean_menu_typo_spacing_unit":"","ocean_menu_link_color":"","ocean_menu_link_color_hover":"","ocean_menu_link_color_active":"","ocean_menu_link_background":"","ocean_menu_link_hover_background":"","ocean_menu_link_active_background":"","ocean_menu_social_links_bg":"","ocean_menu_social_hover_links_bg":"","ocean_menu_social_links_color":"","ocean_menu_social_hover_links_color":"","ocean_disable_title":"default","ocean_disable_heading":"default","ocean_post_title":"","ocean_post_subheading":"","ocean_post_title_style":"","ocean_post_title_background_color":"","ocean_post_title_background":0,"ocean_post_title_bg_image_position":"","ocean_post_title_bg_image_attachment":"","ocean_post_title_bg_image_repeat":"","ocean_post_title_bg_image_size":"","ocean_post_title_height":0,"ocean_post_title_bg_overlay":0.5,"ocean_post_title_bg_overlay_color":"","ocean_disable_breadcrumbs":"default","ocean_breadcrumbs_color":"","ocean_breadcrumbs_separator_color":"","ocean_breadcrumbs_links_color":"","ocean_breadcrumbs_links_hover_color":"","ocean_display_footer_widgets":"default","ocean_display_footer_bottom":"default","ocean_custom_footer_template":"","ocean_post_oembed":"","ocean_post_self_hosted_media":"","ocean_post_video_embed":"","ocean_link_format":"","ocean_link_format_target":"self","ocean_quote_format":"","ocean_quote_format_link":"post","ocean_gallery_link_images":"on","ocean_gallery_id":[],"footnotes":""},"categories":[5],"tags":[],"class_list":["post-958","post","type-post","status-publish","format-standard","has-post-thumbnail","hentry","category-el-vaticano","entry","has-media"],"publishpress_future_action":{"enabled":false,"date":"2026-05-08 12:35:50","action":"change-status","newStatus":"draft","terms":[],"taxonomy":"category","extraData":[]},"publishpress_future_workflow_manual_trigger":{"enabledWorkflows":[]},"_links":{"self":[{"href":"https:\/\/elsembradorministries.com\/esne\/desde-el-vaticano\/wp-json\/wp\/v2\/posts\/958","targetHints":{"allow":["GET"]}}],"collection":[{"href":"https:\/\/elsembradorministries.com\/esne\/desde-el-vaticano\/wp-json\/wp\/v2\/posts"}],"about":[{"href":"https:\/\/elsembradorministries.com\/esne\/desde-el-vaticano\/wp-json\/wp\/v2\/types\/post"}],"author":[{"embeddable":true,"href":"https:\/\/elsembradorministries.com\/esne\/desde-el-vaticano\/wp-json\/wp\/v2\/users\/192"}],"replies":[{"embeddable":true,"href":"https:\/\/elsembradorministries.com\/esne\/desde-el-vaticano\/wp-json\/wp\/v2\/comments?post=958"}],"version-history":[{"count":3,"href":"https:\/\/elsembradorministries.com\/esne\/desde-el-vaticano\/wp-json\/wp\/v2\/posts\/958\/revisions"}],"predecessor-version":[{"id":962,"href":"https:\/\/elsembradorministries.com\/esne\/desde-el-vaticano\/wp-json\/wp\/v2\/posts\/958\/revisions\/962"}],"wp:featuredmedia":[{"embeddable":true,"href":"https:\/\/elsembradorministries.com\/esne\/desde-el-vaticano\/wp-json\/wp\/v2\/media\/959"}],"wp:attachment":[{"href":"https:\/\/elsembradorministries.com\/esne\/desde-el-vaticano\/wp-json\/wp\/v2\/media?parent=958"}],"wp:term":[{"taxonomy":"category","embeddable":true,"href":"https:\/\/elsembradorministries.com\/esne\/desde-el-vaticano\/wp-json\/wp\/v2\/categories?post=958"},{"taxonomy":"post_tag","embeddable":true,"href":"https:\/\/elsembradorministries.com\/esne\/desde-el-vaticano\/wp-json\/wp\/v2\/tags?post=958"}],"curies":[{"name":"wp","href":"https:\/\/api.w.org\/{rel}","templated":true}]}}